{"id":10208,"date":"2022-12-12T09:44:51","date_gmt":"2022-12-12T07:44:51","guid":{"rendered":"https:\/\/gymnasium-odenkirchen.de\/wordpress\/?p=10208"},"modified":"2022-12-12T09:44:51","modified_gmt":"2022-12-12T07:44:51","slug":"die-lerncoaches-sind-zurueck","status":"publish","type":"post","link":"https:\/\/gymnasium-odenkirchen.de\/wordpress\/?p=10208","title":{"rendered":"Die Lerncoaches sind zur\u00fcck!"},"content":{"rendered":"<p>Auch in diesem Jahr sind Sch\u00fclerinnen und Sch\u00fcler der Jahrgangsstufe EF ausgebildet worden, um junge Sch\u00fclerInnen bei Schwierigkeiten durch den Schulalltag zu begleiten.<br \/>\nDazu gab es einen zweit\u00e4gigen Exkurs, bei welchem Frau Getz und Frau Strahl gemeinsam mit den Auszubildenden effiziente Lernmethoden und potenzielle Probleme des Schulalltags, sowie deren Behebung, erlernten.<\/p>\n<p>Die Anmeldeb\u00f6gen f\u00fcr junge <a href=\"https:\/\/gymnasium-odenkirchen.de\/wordpress\/?page_id=7095\" target=\"_blank\" rel=\"noopener\">Lerncoach<\/a>-Suchende sind bei Frau Getz und Frau Strahl, sowie bei den jeweiligen Klassenlehrern aufzufinden.<\/p>\n","protected":false},"excerpt":{"rendered":"<p>Auch in diesem Jahr sind Sch\u00fclerinnen und Sch\u00fcler der Jahrgangsstufe EF ausgebildet worden, um junge Sch\u00fclerInnen bei Schwierigkeiten durch den Schulalltag zu begleiten. Dazu gab es einen zweit\u00e4gigen Exkurs, bei welchem Frau Getz und Frau Strahl gemeinsam mit den Auszubildenden effiziente Lernmethoden und potenzielle Probleme des Schulalltags, sowie deren Behebung, erlernten. Die Anmeldeb\u00f6gen f\u00fcr junge Lerncoach-Suchende sind bei Frau Getz und Frau Strahl, sowie bei den jeweiligen Klassenlehrern aufzufinden.<\/p>\n","protected":false},"author":5,"featured_media":10209,"comment_status":"closed","ping_status":"open","sticky":false,"template":"","format":"standard","meta":{"ngg_post_thumbnail":0,"footnotes":""},"categories":[156,160,159,81],"tags":[],"class_list":["post-10208","post","type-post","status-publish","format-standard","has-post-thumbnail","hentry","category-2022-23","category-foerdern-und-fordern","category-lerncoaches","category-projekte"],"_links":{"self":[{"href":"https:\/\/gymnasium-odenkirchen.de\/wordpress\/index.php?rest_route=\/wp\/v2\/posts\/10208","targetHints":{"allow":["GET"]}}],"collection":[{"href":"https:\/\/gymnasium-odenkirchen.de\/wordpress\/index.php?rest_route=\/wp\/v2\/posts"}],"about":[{"href":"https:\/\/gymnasium-odenkirchen.de\/wordpress\/index.php?rest_route=\/wp\/v2\/types\/post"}],"author":[{"embeddable":true,"href":"https:\/\/gymnasium-odenkirchen.de\/wordpress\/index.php?rest_route=\/wp\/v2\/users\/5"}],"replies":[{"embeddable":true,"href":"https:\/\/gymnasium-odenkirchen.de\/wordpress\/index.php?rest_route=%2Fwp%2Fv2%2Fcomments&post=10208"}],"version-history":[{"count":1,"href":"https:\/\/gymnasium-odenkirchen.de\/wordpress\/index.php?rest_route=\/wp\/v2\/posts\/10208\/revisions"}],"predecessor-version":[{"id":10210,"href":"https:\/\/gymnasium-odenkirchen.de\/wordpress\/index.php?rest_route=\/wp\/v2\/posts\/10208\/revisions\/10210"}],"wp:featuredmedia":[{"embeddable":true,"href":"https:\/\/gymnasium-odenkirchen.de\/wordpress\/index.php?rest_route=\/wp\/v2\/media\/10209"}],"wp:attachment":[{"href":"https:\/\/gymnasium-odenkirchen.de\/wordpress\/index.php?rest_route=%2Fwp%2Fv2%2Fmedia&parent=10208"}],"wp:term":[{"taxonomy":"category","embeddable":true,"href":"https:\/\/gymnasium-odenkirchen.de\/wordpress\/index.php?rest_route=%2Fwp%2Fv2%2Fcategories&post=10208"},{"taxonomy":"post_tag","embeddable":true,"href":"https:\/\/gymnasium-odenkirchen.de\/wordpress\/index.php?rest_route=%2Fwp%2Fv2%2Ftags&post=10208"}],"curies":[{"name":"wp","href":"https:\/\/api.w.org\/{rel}","templated":true}]}}