{"id":10395,"date":"2023-04-18T07:39:55","date_gmt":"2023-04-18T05:39:55","guid":{"rendered":"https:\/\/gymnasium-odenkirchen.de\/wordpress\/?p=10395"},"modified":"2023-04-18T07:39:55","modified_gmt":"2023-04-18T05:39:55","slug":"vom-feld-auf-den-teller-die-5b-zu-besuch-auf-dem-lenssenhof","status":"publish","type":"post","link":"https:\/\/gymnasium-odenkirchen.de\/wordpress\/?p=10395","title":{"rendered":"Vom Feld auf den Teller &#8211; Die 5B zu Besuch auf dem Len\u00dfenhof"},"content":{"rendered":"<p>In der Erdkunde geht es um die Beschreibung der Erde. Bevor man dies tun kann, ist es unverzichtbar, sich die Erde anzusehen. Und so machten sich am 29. M\u00e4rz 23 Mini-GeographInnen der Klasse 5B zum Abschluss des Unterrichtsvorhabens \u201eWoher kommen unsere Nahrungsmittel? \u2013 R\u00e4umliche Voraussetzungen, Produktionsweisen und Auswirkungen landwirtschaftlicher Produktion\u201c auf, um den Len\u00dfenhof in M\u00f6nchengladbach Odenkirchen zu erkunden. Der in der direkten Nachbarschaft gelegene landwirtschaftliche Betrieb mit Bioland-Zertifzierung bot uns die M\u00f6glichkeit mithilfe von zwei thematischen Hoff\u00fchrungen unser bisher erworbenes Wissen zu vertiefen und uns die Arbeitsweisen der \u00f6kologische Landwirtschaft einmal n\u00e4her anzuschauen. Ob mithilfe von Kr\u00e4utermauer oder Gr\u00fcndach, wir merken: eine naturnahe Arbeitsweise wird hier auch jenseits der Felder gro\u00dfgeschrieben. Auch durften wir uns Radieschen frisch aus der Erde schmecken lassen und unsere vorbereiteten Interviewfragen zum Klima, Boden u. Hofladen stellen, welche uns ausf\u00fchrlich beantwortet wurden.<\/p>\n<p>Vielen Dank an Herrn Kamphausen und das Team des Len\u00dfenhof f\u00fcr die tollen Eindr\u00fccke und Erfahrungen!<\/p>\n<p style=\"text-align: right;\">Ang<\/p>\n<div id='gallery-1' class='gallery galleryid-10395 gallery-columns-3 gallery-size-thumbnail'><figure class='gallery-item'>\n\t\t\t<div class='gallery-icon landscape'>\n\t\t\t\t<a href='https:\/\/gymnasium-odenkirchen.de\/wordpress\/wp-content\/uploads\/2023\/04\/Titelbild.jpg'><img loading=\"lazy\" decoding=\"async\" width=\"150\" height=\"150\" src=\"https:\/\/gymnasium-odenkirchen.de\/wordpress\/wp-content\/uploads\/2023\/04\/Titelbild-150x150.jpg\" class=\"attachment-thumbnail size-thumbnail\" alt=\"\" \/><\/a>\n\t\t\t<\/div><\/figure><figure class='gallery-item'>\n\t\t\t<div class='gallery-icon landscape'>\n\t\t\t\t<a href='https:\/\/gymnasium-odenkirchen.de\/wordpress\/wp-content\/uploads\/2023\/04\/Bild3.jpg'><img loading=\"lazy\" decoding=\"async\" width=\"150\" height=\"150\" src=\"https:\/\/gymnasium-odenkirchen.de\/wordpress\/wp-content\/uploads\/2023\/04\/Bild3-150x150.jpg\" class=\"attachment-thumbnail size-thumbnail\" alt=\"\" \/><\/a>\n\t\t\t<\/div><\/figure><figure class='gallery-item'>\n\t\t\t<div class='gallery-icon landscape'>\n\t\t\t\t<a href='https:\/\/gymnasium-odenkirchen.de\/wordpress\/wp-content\/uploads\/2023\/04\/Bild2.jpg'><img loading=\"lazy\" decoding=\"async\" width=\"150\" height=\"150\" src=\"https:\/\/gymnasium-odenkirchen.de\/wordpress\/wp-content\/uploads\/2023\/04\/Bild2-150x150.jpg\" class=\"attachment-thumbnail size-thumbnail\" alt=\"\" \/><\/a>\n\t\t\t<\/div><\/figure>\n\t\t<\/div>\n\n","protected":false},"excerpt":{"rendered":"<p>In der Erdkunde geht es um die Beschreibung der Erde. Bevor man dies tun kann, ist es unverzichtbar, sich die Erde anzusehen. Und so machten sich am 29. M\u00e4rz 23 Mini-GeographInnen der Klasse 5B zum Abschluss des Unterrichtsvorhabens \u201eWoher kommen unsere Nahrungsmittel? \u2013 R\u00e4umliche Voraussetzungen, Produktionsweisen und Auswirkungen landwirtschaftlicher Produktion\u201c auf, um den Len\u00dfenhof in M\u00f6nchengladbach Odenkirchen zu erkunden. Der in der direkten Nachbarschaft gelegene landwirtschaftliche Betrieb mit Bioland-Zertifzierung bot uns die M\u00f6glichkeit mithilfe von zwei thematischen Hoff\u00fchrungen unser bisher erworbenes Wissen zu vertiefen und uns die Arbeitsweisen der \u00f6kologische Landwirtschaft einmal n\u00e4her anzuschauen. Ob mithilfe von Kr\u00e4utermauer oder Gr\u00fcndach, [&hellip;]<\/p>\n","protected":false},"author":5,"featured_media":10396,"comment_status":"closed","ping_status":"open","sticky":false,"template":"","format":"standard","meta":{"ngg_post_thumbnail":0,"footnotes":""},"categories":[156,105,118],"tags":[],"class_list":["post-10395","post","type-post","status-publish","format-standard","has-post-thumbnail","hentry","category-2022-23","category-exkursionen","category-unterrichtseindruecke"],"_links":{"self":[{"href":"https:\/\/gymnasium-odenkirchen.de\/wordpress\/index.php?rest_route=\/wp\/v2\/posts\/10395","targetHints":{"allow":["GET"]}}],"collection":[{"href":"https:\/\/gymnasium-odenkirchen.de\/wordpress\/index.php?rest_route=\/wp\/v2\/posts"}],"about":[{"href":"https:\/\/gymnasium-odenkirchen.de\/wordpress\/index.php?rest_route=\/wp\/v2\/types\/post"}],"author":[{"embeddable":true,"href":"https:\/\/gymnasium-odenkirchen.de\/wordpress\/index.php?rest_route=\/wp\/v2\/users\/5"}],"replies":[{"embeddable":true,"href":"https:\/\/gymnasium-odenkirchen.de\/wordpress\/index.php?rest_route=%2Fwp%2Fv2%2Fcomments&post=10395"}],"version-history":[{"count":2,"href":"https:\/\/gymnasium-odenkirchen.de\/wordpress\/index.php?rest_route=\/wp\/v2\/posts\/10395\/revisions"}],"predecessor-version":[{"id":10400,"href":"https:\/\/gymnasium-odenkirchen.de\/wordpress\/index.php?rest_route=\/wp\/v2\/posts\/10395\/revisions\/10400"}],"wp:featuredmedia":[{"embeddable":true,"href":"https:\/\/gymnasium-odenkirchen.de\/wordpress\/index.php?rest_route=\/wp\/v2\/media\/10396"}],"wp:attachment":[{"href":"https:\/\/gymnasium-odenkirchen.de\/wordpress\/index.php?rest_route=%2Fwp%2Fv2%2Fmedia&parent=10395"}],"wp:term":[{"taxonomy":"category","embeddable":true,"href":"https:\/\/gymnasium-odenkirchen.de\/wordpress\/index.php?rest_route=%2Fwp%2Fv2%2Fcategories&post=10395"},{"taxonomy":"post_tag","embeddable":true,"href":"https:\/\/gymnasium-odenkirchen.de\/wordpress\/index.php?rest_route=%2Fwp%2Fv2%2Ftags&post=10395"}],"curies":[{"name":"wp","href":"https:\/\/api.w.org\/{rel}","templated":true}]}}