{"id":10537,"date":"2023-06-09T07:34:37","date_gmt":"2023-06-09T05:34:37","guid":{"rendered":"https:\/\/gymnasium-odenkirchen.de\/wordpress\/?p=10537"},"modified":"2023-06-09T07:34:37","modified_gmt":"2023-06-09T05:34:37","slug":"kennenlerntag-der-neuen-5er-im-schuljahr-23-24-am-go","status":"publish","type":"post","link":"https:\/\/gymnasium-odenkirchen.de\/wordpress\/?p=10537","title":{"rendered":"Kennenlerntag der neuen 5er im Schuljahr 23\/24 am GO"},"content":{"rendered":"<p>Vom Kindergarten an die Grundschule, von der Grundschule an die weiterf\u00fchrende Schule &#8211; oder eben von verschiedenen M\u00f6nchengladbacher Grundschulen an\u2018s Gymnasium Odenkirchen: Die \u00dcberg\u00e4nge zwischen den Erziehungs-\/Bildungseinrichtungen sind wichtige Schritte im Prozess des Erwachsenwerdens. Und nicht nur deshalb wurden unsere neuen F\u00fcnftkl\u00e4ssler\/-innen der Klassen A bis D am diesj\u00e4hrigen Kennenlerntag wieder besonders herzlich willkommen gehei\u00dfen &#8211; zun\u00e4chst musikalisch von der 5A &amp; Frau Strahl mit dem Song \u201eHallo Lieblingsmensch\u201c von MoTrip, danach von der Schulleitung und schlie\u00dflich von den Klassenlehrerteams. Und dabei wurde auch die f\u00fcr viele traditionell spannendste Frage beantwortet &#8211; n\u00e4mlich, mit wem man in einer Klasse ist und welche Lehrkr\u00e4fte die Klasse leiten. Erstmals k\u00f6nnen wir nun \u00fcbrigens auch ein Sport-Modul anbieten (zu den bestehenden BiLi- &amp; MINT-Modulen).<\/p>\n<p>Wir alle freuen auf insgesamt 106 neuen Gesichter in unserer Schulgemeinde. Herzlich willkommen am Gymnasium Odenkirchen!<\/p>\n<p style=\"text-align: right;\">Hke<\/p>\n","protected":false},"excerpt":{"rendered":"<p>Vom Kindergarten an die Grundschule, von der Grundschule an die weiterf\u00fchrende Schule &#8211; oder eben von verschiedenen M\u00f6nchengladbacher Grundschulen an\u2018s Gymnasium Odenkirchen: Die \u00dcberg\u00e4nge zwischen den Erziehungs-\/Bildungseinrichtungen sind wichtige Schritte im Prozess des Erwachsenwerdens. Und nicht nur deshalb wurden unsere neuen F\u00fcnftkl\u00e4ssler\/-innen der Klassen A bis D am diesj\u00e4hrigen Kennenlerntag wieder besonders herzlich willkommen gehei\u00dfen &#8211; zun\u00e4chst musikalisch von der 5A &amp; Frau Strahl mit dem Song \u201eHallo Lieblingsmensch\u201c von MoTrip, danach von der Schulleitung und schlie\u00dflich von den Klassenlehrerteams. Und dabei wurde auch die f\u00fcr viele traditionell spannendste Frage beantwortet &#8211; n\u00e4mlich, mit wem man in einer Klasse ist [&hellip;]<\/p>\n","protected":false},"author":5,"featured_media":10538,"comment_status":"closed","ping_status":"open","sticky":false,"template":"","format":"standard","meta":{"ngg_post_thumbnail":0,"footnotes":""},"categories":[156,157,125,79],"tags":[],"class_list":["post-10537","post","type-post","status-publish","format-standard","has-post-thumbnail","hentry","category-2022-23","category-grundschule","category-uebergaenge","category-veranstaltungen"],"_links":{"self":[{"href":"https:\/\/gymnasium-odenkirchen.de\/wordpress\/index.php?rest_route=\/wp\/v2\/posts\/10537","targetHints":{"allow":["GET"]}}],"collection":[{"href":"https:\/\/gymnasium-odenkirchen.de\/wordpress\/index.php?rest_route=\/wp\/v2\/posts"}],"about":[{"href":"https:\/\/gymnasium-odenkirchen.de\/wordpress\/index.php?rest_route=\/wp\/v2\/types\/post"}],"author":[{"embeddable":true,"href":"https:\/\/gymnasium-odenkirchen.de\/wordpress\/index.php?rest_route=\/wp\/v2\/users\/5"}],"replies":[{"embeddable":true,"href":"https:\/\/gymnasium-odenkirchen.de\/wordpress\/index.php?rest_route=%2Fwp%2Fv2%2Fcomments&post=10537"}],"version-history":[{"count":1,"href":"https:\/\/gymnasium-odenkirchen.de\/wordpress\/index.php?rest_route=\/wp\/v2\/posts\/10537\/revisions"}],"predecessor-version":[{"id":10539,"href":"https:\/\/gymnasium-odenkirchen.de\/wordpress\/index.php?rest_route=\/wp\/v2\/posts\/10537\/revisions\/10539"}],"wp:featuredmedia":[{"embeddable":true,"href":"https:\/\/gymnasium-odenkirchen.de\/wordpress\/index.php?rest_route=\/wp\/v2\/media\/10538"}],"wp:attachment":[{"href":"https:\/\/gymnasium-odenkirchen.de\/wordpress\/index.php?rest_route=%2Fwp%2Fv2%2Fmedia&parent=10537"}],"wp:term":[{"taxonomy":"category","embeddable":true,"href":"https:\/\/gymnasium-odenkirchen.de\/wordpress\/index.php?rest_route=%2Fwp%2Fv2%2Fcategories&post=10537"},{"taxonomy":"post_tag","embeddable":true,"href":"https:\/\/gymnasium-odenkirchen.de\/wordpress\/index.php?rest_route=%2Fwp%2Fv2%2Ftags&post=10537"}],"curies":[{"name":"wp","href":"https:\/\/api.w.org\/{rel}","templated":true}]}}