{"id":10628,"date":"2023-08-20T08:20:52","date_gmt":"2023-08-20T06:20:52","guid":{"rendered":"https:\/\/gymnasium-odenkirchen.de\/wordpress\/?p=10628"},"modified":"2023-08-20T08:20:52","modified_gmt":"2023-08-20T06:20:52","slug":"burkina-faso-sagt-danke-2","status":"publish","type":"post","link":"https:\/\/gymnasium-odenkirchen.de\/wordpress\/?p=10628","title":{"rendered":"Burkina Faso sagt Danke!"},"content":{"rendered":"<blockquote><p>Sehr geehrte Frau  Schulleiterin des Gymnasiums Odenkirchen in M\u00f6nchengladbach, liebe Freundinnen,<br \/>\nMit gro\u00dfer Freude und Dankbarkeit best\u00e4tige ich Ihnen den Empfang von 3.246.987 CFA (= 5.000,00 \u20ac), die der Vorsitzende von Hilfe f\u00fcr Burkina Faso \u00fcberwiesen hat, um unsere gemeinsamen Bildungsprojekte f\u00fcr das Schuljahr 2023\/24 weiterhin zu unterst\u00fctzen. Im Einzelnen geht es dabei um die Sch\u00fclerpatenschaften f\u00fcr 15 Sch\u00fclerinnen und Sch\u00fclern, die in prek\u00e4ren Situationen leben und die mit schulischen Kits (Hefte, Stifte, etc.) ausgestattet werden, um die Schaffung zweier neuer Ausbildungsjahrg\u00e4nge am technischen Coll\u00e8ge und um die Unterst\u00fctzung (Drucker, Papier, etc.) des D\u00e9partemental-Gymnasiums.<br \/>\nIm Namen der Sch\u00fclerinnen und Sch\u00fcler, ihrer Eltern und den Lehrern beider Schulen empfinde ich es als angenehme Pflicht als Koordinator der schulischen Projekte ein herzliches und br\u00fcderliches Dankesch\u00f6n f\u00fcr Ihre konstante Solidarit\u00e4t auszusprechen. Ihr Handeln wird bestimmt durch die Suche nach Wegen und Mitteln, um eine vielf\u00e4ltige und qualitative Ausbildung in unserem Gemeinwesen zu erm\u00f6glichen. Die Sch\u00fclerinnen und Sch\u00fcler kommen aus acht D\u00f6rfern, die zu Soaw geh\u00f6ren. Unsere Dankbarkeit ist umso gr\u00f6\u00dfer, weil wir sehr wohl den Gro\u00dfmut und die Opferbereitschaft aller unserer Freunde einsch\u00e4tzen k\u00f6nnen, die trotz der sozio-\u00f6konomischen Herausforderungen, die die ganze Welt betreffen, bereit sind zu helfen. Unser Dank gilt ebenso allen Unterst\u00fctzern, Sch\u00fclern, deren Eltern, \u00fcber deren von Herzen kommende Unterst\u00fctzung und Hilfsbereitschaft.<br \/>\nAngesichts aller Projekte, die wir bereits erfolgreich ausgef\u00fchrt haben, seien Sie versichert, dass Ihre finanzielle Unterst\u00fctzung effizient und vern\u00fcnftig eingesetzt wird und dies ausschlie\u00dflich zum Wohle der Empf\u00e4nger.<br \/>\n\u00dcbermitteln Sie bitte allen Wohlt\u00e4tern unsere unendliche Dankbarkeit.<br \/>\nOuagadougou, 12. August 2023<br \/>\nY. Christophe Ou\u00e9draogo<\/p><\/blockquote>\n<p>(sinnentsprechende \u00dcbersetzung inklusive einiger erkl\u00e4render Zus\u00e4tze: Helmut Coentges)<\/p>\n","protected":false},"excerpt":{"rendered":"<p>Sehr geehrte Frau Schulleiterin des Gymnasiums Odenkirchen in M\u00f6nchengladbach, liebe Freundinnen, Mit gro\u00dfer Freude und Dankbarkeit best\u00e4tige ich Ihnen den Empfang von 3.246.987 CFA (= 5.000,00 \u20ac), die der Vorsitzende von Hilfe f\u00fcr Burkina Faso \u00fcberwiesen hat, um unsere gemeinsamen Bildungsprojekte f\u00fcr das Schuljahr 2023\/24 weiterhin zu unterst\u00fctzen. Im Einzelnen geht es dabei um die Sch\u00fclerpatenschaften f\u00fcr 15 Sch\u00fclerinnen und Sch\u00fclern, die in prek\u00e4ren Situationen leben und die mit schulischen Kits (Hefte, Stifte, etc.) ausgestattet werden, um die Schaffung zweier neuer Ausbildungsjahrg\u00e4nge am technischen Coll\u00e8ge und um die Unterst\u00fctzung (Drucker, Papier, etc.) des D\u00e9partemental-Gymnasiums. Im Namen der Sch\u00fclerinnen und Sch\u00fcler, [&hellip;]<\/p>\n","protected":false},"author":5,"featured_media":9634,"comment_status":"closed","ping_status":"open","sticky":false,"template":"","format":"standard","meta":{"ngg_post_thumbnail":0,"footnotes":""},"categories":[163,114,99,132],"tags":[],"class_list":["post-10628","post","type-post","status-publish","format-standard","has-post-thumbnail","hentry","category-2023-24","category-burkina-faso","category-soziales-engagement","category-spendenuebergabe"],"_links":{"self":[{"href":"https:\/\/gymnasium-odenkirchen.de\/wordpress\/index.php?rest_route=\/wp\/v2\/posts\/10628","targetHints":{"allow":["GET"]}}],"collection":[{"href":"https:\/\/gymnasium-odenkirchen.de\/wordpress\/index.php?rest_route=\/wp\/v2\/posts"}],"about":[{"href":"https:\/\/gymnasium-odenkirchen.de\/wordpress\/index.php?rest_route=\/wp\/v2\/types\/post"}],"author":[{"embeddable":true,"href":"https:\/\/gymnasium-odenkirchen.de\/wordpress\/index.php?rest_route=\/wp\/v2\/users\/5"}],"replies":[{"embeddable":true,"href":"https:\/\/gymnasium-odenkirchen.de\/wordpress\/index.php?rest_route=%2Fwp%2Fv2%2Fcomments&post=10628"}],"version-history":[{"count":1,"href":"https:\/\/gymnasium-odenkirchen.de\/wordpress\/index.php?rest_route=\/wp\/v2\/posts\/10628\/revisions"}],"predecessor-version":[{"id":10629,"href":"https:\/\/gymnasium-odenkirchen.de\/wordpress\/index.php?rest_route=\/wp\/v2\/posts\/10628\/revisions\/10629"}],"wp:featuredmedia":[{"embeddable":true,"href":"https:\/\/gymnasium-odenkirchen.de\/wordpress\/index.php?rest_route=\/wp\/v2\/media\/9634"}],"wp:attachment":[{"href":"https:\/\/gymnasium-odenkirchen.de\/wordpress\/index.php?rest_route=%2Fwp%2Fv2%2Fmedia&parent=10628"}],"wp:term":[{"taxonomy":"category","embeddable":true,"href":"https:\/\/gymnasium-odenkirchen.de\/wordpress\/index.php?rest_route=%2Fwp%2Fv2%2Fcategories&post=10628"},{"taxonomy":"post_tag","embeddable":true,"href":"https:\/\/gymnasium-odenkirchen.de\/wordpress\/index.php?rest_route=%2Fwp%2Fv2%2Ftags&post=10628"}],"curies":[{"name":"wp","href":"https:\/\/api.w.org\/{rel}","templated":true}]}}