{"id":10654,"date":"2023-08-31T17:27:38","date_gmt":"2023-08-31T15:27:38","guid":{"rendered":"https:\/\/gymnasium-odenkirchen.de\/wordpress\/?p=10654"},"modified":"2023-08-31T17:28:02","modified_gmt":"2023-08-31T15:28:02","slug":"spendenuebergabe-an-den-verein-suppentanten","status":"publish","type":"post","link":"https:\/\/gymnasium-odenkirchen.de\/wordpress\/?p=10654","title":{"rendered":"Spenden\u00fcbergabe an den Verein &#8222;Suppentanten&#8220;"},"content":{"rendered":"<p>In den Sommerferien \u00fcberreichten die Veranstalter des gemeinsamen Benefizkonzertes Monika Strahl (Gymnasium Odenkirchen) und Alexander Nagel (Hugo-Junkers-Gymnasium) den Erl\u00f6s von 600 Euro an den gemeinn\u00fctzigen Verein &#8222;Suppentanten &#8220; in M\u00f6nchengladbach Rheydt. <div id='gallery-1' class='gallery galleryid-10654 gallery-columns-3 gallery-size-thumbnail'><figure class='gallery-item'>\n\t\t\t<div class='gallery-icon landscape'>\n\t\t\t\t<a href='https:\/\/gymnasium-odenkirchen.de\/wordpress\/wp-content\/uploads\/2023\/08\/IMG_20230722_120048728.jpg'><img loading=\"lazy\" decoding=\"async\" width=\"150\" height=\"150\" src=\"https:\/\/gymnasium-odenkirchen.de\/wordpress\/wp-content\/uploads\/2023\/08\/IMG_20230722_120048728-150x150.jpg\" class=\"attachment-thumbnail size-thumbnail\" alt=\"\" \/><\/a>\n\t\t\t<\/div><\/figure><figure class='gallery-item'>\n\t\t\t<div class='gallery-icon landscape'>\n\t\t\t\t<a href='https:\/\/gymnasium-odenkirchen.de\/wordpress\/wp-content\/uploads\/2023\/08\/IMG_20230722_115921962_HDR.jpg'><img loading=\"lazy\" decoding=\"async\" width=\"150\" height=\"150\" src=\"https:\/\/gymnasium-odenkirchen.de\/wordpress\/wp-content\/uploads\/2023\/08\/IMG_20230722_115921962_HDR-150x150.jpg\" class=\"attachment-thumbnail size-thumbnail\" alt=\"\" \/><\/a>\n\t\t\t<\/div><\/figure><figure class='gallery-item'>\n\t\t\t<div class='gallery-icon landscape'>\n\t\t\t\t<a href='https:\/\/gymnasium-odenkirchen.de\/wordpress\/wp-content\/uploads\/2023\/08\/IMG_20230722_115747003_HDR.jpg'><img loading=\"lazy\" decoding=\"async\" width=\"150\" height=\"150\" src=\"https:\/\/gymnasium-odenkirchen.de\/wordpress\/wp-content\/uploads\/2023\/08\/IMG_20230722_115747003_HDR-150x150.jpg\" class=\"attachment-thumbnail size-thumbnail\" alt=\"\" \/><\/a>\n\t\t\t<\/div><\/figure>\n\t\t<\/div>\n\n","protected":false},"excerpt":{"rendered":"<p>In den Sommerferien \u00fcberreichten die Veranstalter des gemeinsamen Benefizkonzertes Monika Strahl (Gymnasium Odenkirchen) und Alexander Nagel (Hugo-Junkers-Gymnasium) den Erl\u00f6s von 600 Euro an den gemeinn\u00fctzigen Verein &#8222;Suppentanten &#8220; in M\u00f6nchengladbach Rheydt.<\/p>\n","protected":false},"author":5,"featured_media":10656,"comment_status":"closed","ping_status":"open","sticky":false,"template":"","format":"standard","meta":{"ngg_post_thumbnail":0,"footnotes":""},"categories":[163,1,99],"tags":[],"class_list":["post-10654","post","type-post","status-publish","format-standard","has-post-thumbnail","hentry","category-2023-24","category-allgemein","category-soziales-engagement"],"_links":{"self":[{"href":"https:\/\/gymnasium-odenkirchen.de\/wordpress\/index.php?rest_route=\/wp\/v2\/posts\/10654","targetHints":{"allow":["GET"]}}],"collection":[{"href":"https:\/\/gymnasium-odenkirchen.de\/wordpress\/index.php?rest_route=\/wp\/v2\/posts"}],"about":[{"href":"https:\/\/gymnasium-odenkirchen.de\/wordpress\/index.php?rest_route=\/wp\/v2\/types\/post"}],"author":[{"embeddable":true,"href":"https:\/\/gymnasium-odenkirchen.de\/wordpress\/index.php?rest_route=\/wp\/v2\/users\/5"}],"replies":[{"embeddable":true,"href":"https:\/\/gymnasium-odenkirchen.de\/wordpress\/index.php?rest_route=%2Fwp%2Fv2%2Fcomments&post=10654"}],"version-history":[{"count":2,"href":"https:\/\/gymnasium-odenkirchen.de\/wordpress\/index.php?rest_route=\/wp\/v2\/posts\/10654\/revisions"}],"predecessor-version":[{"id":10659,"href":"https:\/\/gymnasium-odenkirchen.de\/wordpress\/index.php?rest_route=\/wp\/v2\/posts\/10654\/revisions\/10659"}],"wp:featuredmedia":[{"embeddable":true,"href":"https:\/\/gymnasium-odenkirchen.de\/wordpress\/index.php?rest_route=\/wp\/v2\/media\/10656"}],"wp:attachment":[{"href":"https:\/\/gymnasium-odenkirchen.de\/wordpress\/index.php?rest_route=%2Fwp%2Fv2%2Fmedia&parent=10654"}],"wp:term":[{"taxonomy":"category","embeddable":true,"href":"https:\/\/gymnasium-odenkirchen.de\/wordpress\/index.php?rest_route=%2Fwp%2Fv2%2Fcategories&post=10654"},{"taxonomy":"post_tag","embeddable":true,"href":"https:\/\/gymnasium-odenkirchen.de\/wordpress\/index.php?rest_route=%2Fwp%2Fv2%2Ftags&post=10654"}],"curies":[{"name":"wp","href":"https:\/\/api.w.org\/{rel}","templated":true}]}}