{"id":10932,"date":"2023-11-17T10:40:27","date_gmt":"2023-11-17T08:40:27","guid":{"rendered":"https:\/\/gymnasium-odenkirchen.de\/wordpress\/?p=10932"},"modified":"2023-11-26T11:08:33","modified_gmt":"2023-11-26T09:08:33","slug":"gegen-das-vergessen","status":"publish","type":"post","link":"https:\/\/gymnasium-odenkirchen.de\/wordpress\/?p=10932","title":{"rendered":"Gegen das Vergessen"},"content":{"rendered":"<p>Auch in diesem Jahr beteiligte sich das Gymnasium Odenkirchen an der j\u00e4hrlichen Aktion zur Reinigung der Stolpersteine der Stadt M\u00f6nchengladbach. Ausger\u00fcstet mit Reinigungsmitteln und Putzutensilien machten sich Sch\u00fclerinnen und Sch\u00fcler der Jahrgangsstufen 9 und Q2 auf in die n\u00e4here Umgebung der Schule, um die ihnen zugeteilten Stolpersteine zu reinigen. Nach der Reinigung lie\u00dfen sie eine Rose zur\u00fcck, um den Opfern des Holocaust Respekt zu zollen und die Erinnerung auch in M\u00f6nchengladbach wachzuhalten. In diesem Jahr j\u00e4hrt sich die Reichspogromnacht, bei der im Jahr 1938 zahlreiche j\u00fcdische Einrichtungen zerst\u00f6rt, Gesch\u00e4fte und Wohnungen verw\u00fcstet und Synagogen niedergebrannt wurden, zum 85. Mal. Der Zusammenhalt und die Werte unserer Gesellschaft werden weiterhin von stetig wachsendem Antisemitismus bedroht. Vielleicht war der Einsatz der Sch\u00fclerinnen und Sch\u00fcler deshalb in diesem Jahr besonders wichtig. Aufgrund dessen erhielten sie auch viel Zuspruch von Passanten, die den Einsatz der Sch\u00fclerinnen und Sch\u00fclern lobten: \u201eEs ist gut, dass Ihr das macht.\u201c Das finden wir auch: Wir danken allen beteiligten Sch\u00fclerinnen und Sch\u00fclern und den begleitenden Lehrkr\u00e4ften f\u00fcr ihren Einsatz gegen das Vergessen.<\/p>\n<div id='gallery-1' class='gallery galleryid-10932 gallery-columns-4 gallery-size-thumbnail'><figure class='gallery-item'>\n\t\t\t<div class='gallery-icon portrait'>\n\t\t\t\t<a href='https:\/\/gymnasium-odenkirchen.de\/wordpress\/?attachment_id=10933'><img loading=\"lazy\" decoding=\"async\" width=\"150\" height=\"150\" src=\"https:\/\/gymnasium-odenkirchen.de\/wordpress\/wp-content\/uploads\/2023\/11\/1699555138075-150x150.jpg\" class=\"attachment-thumbnail size-thumbnail\" alt=\"\" \/><\/a>\n\t\t\t<\/div><\/figure><figure class='gallery-item'>\n\t\t\t<div class='gallery-icon portrait'>\n\t\t\t\t<a href='https:\/\/gymnasium-odenkirchen.de\/wordpress\/?attachment_id=10934'><img loading=\"lazy\" decoding=\"async\" width=\"150\" height=\"150\" src=\"https:\/\/gymnasium-odenkirchen.de\/wordpress\/wp-content\/uploads\/2023\/11\/1699555169841-150x150.jpg\" class=\"attachment-thumbnail size-thumbnail\" alt=\"\" \/><\/a>\n\t\t\t<\/div><\/figure><figure class='gallery-item'>\n\t\t\t<div class='gallery-icon portrait'>\n\t\t\t\t<a href='https:\/\/gymnasium-odenkirchen.de\/wordpress\/?attachment_id=10935'><img loading=\"lazy\" decoding=\"async\" width=\"150\" height=\"150\" src=\"https:\/\/gymnasium-odenkirchen.de\/wordpress\/wp-content\/uploads\/2023\/11\/image1-150x150.jpeg\" class=\"attachment-thumbnail size-thumbnail\" alt=\"\" \/><\/a>\n\t\t\t<\/div><\/figure><figure class='gallery-item'>\n\t\t\t<div class='gallery-icon portrait'>\n\t\t\t\t<a href='https:\/\/gymnasium-odenkirchen.de\/wordpress\/?attachment_id=10936'><img loading=\"lazy\" decoding=\"async\" width=\"150\" height=\"150\" src=\"https:\/\/gymnasium-odenkirchen.de\/wordpress\/wp-content\/uploads\/2023\/11\/IMG_5363-150x150.jpeg\" class=\"attachment-thumbnail size-thumbnail\" alt=\"\" \/><\/a>\n\t\t\t<\/div><\/figure>\n\t\t<\/div>\n\n","protected":false},"excerpt":{"rendered":"<p>Auch in diesem Jahr beteiligte sich das Gymnasium Odenkirchen an der j\u00e4hrlichen Aktion zur Reinigung der Stolpersteine der Stadt M\u00f6nchengladbach. Ausger\u00fcstet mit Reinigungsmitteln und Putzutensilien machten sich Sch\u00fclerinnen und Sch\u00fcler der Jahrgangsstufen 9 und Q2 auf in die n\u00e4here Umgebung der Schule, um die ihnen zugeteilten Stolpersteine zu reinigen. Nach der Reinigung lie\u00dfen sie eine Rose zur\u00fcck, um den Opfern des Holocaust Respekt zu zollen und die Erinnerung auch in M\u00f6nchengladbach wachzuhalten. In diesem Jahr j\u00e4hrt sich die Reichspogromnacht, bei der im Jahr 1938 zahlreiche j\u00fcdische Einrichtungen zerst\u00f6rt, Gesch\u00e4fte und Wohnungen verw\u00fcstet und Synagogen niedergebrannt wurden, zum 85. Mal. Der [&hellip;]<\/p>\n","protected":false},"author":5,"featured_media":10933,"comment_status":"closed","ping_status":"open","sticky":false,"template":"","format":"standard","meta":{"ngg_post_thumbnail":0,"footnotes":""},"categories":[163,1,81,99],"tags":[],"class_list":["post-10932","post","type-post","status-publish","format-standard","has-post-thumbnail","hentry","category-2023-24","category-allgemein","category-projekte","category-soziales-engagement"],"_links":{"self":[{"href":"https:\/\/gymnasium-odenkirchen.de\/wordpress\/index.php?rest_route=\/wp\/v2\/posts\/10932","targetHints":{"allow":["GET"]}}],"collection":[{"href":"https:\/\/gymnasium-odenkirchen.de\/wordpress\/index.php?rest_route=\/wp\/v2\/posts"}],"about":[{"href":"https:\/\/gymnasium-odenkirchen.de\/wordpress\/index.php?rest_route=\/wp\/v2\/types\/post"}],"author":[{"embeddable":true,"href":"https:\/\/gymnasium-odenkirchen.de\/wordpress\/index.php?rest_route=\/wp\/v2\/users\/5"}],"replies":[{"embeddable":true,"href":"https:\/\/gymnasium-odenkirchen.de\/wordpress\/index.php?rest_route=%2Fwp%2Fv2%2Fcomments&post=10932"}],"version-history":[{"count":1,"href":"https:\/\/gymnasium-odenkirchen.de\/wordpress\/index.php?rest_route=\/wp\/v2\/posts\/10932\/revisions"}],"predecessor-version":[{"id":10937,"href":"https:\/\/gymnasium-odenkirchen.de\/wordpress\/index.php?rest_route=\/wp\/v2\/posts\/10932\/revisions\/10937"}],"wp:featuredmedia":[{"embeddable":true,"href":"https:\/\/gymnasium-odenkirchen.de\/wordpress\/index.php?rest_route=\/wp\/v2\/media\/10933"}],"wp:attachment":[{"href":"https:\/\/gymnasium-odenkirchen.de\/wordpress\/index.php?rest_route=%2Fwp%2Fv2%2Fmedia&parent=10932"}],"wp:term":[{"taxonomy":"category","embeddable":true,"href":"https:\/\/gymnasium-odenkirchen.de\/wordpress\/index.php?rest_route=%2Fwp%2Fv2%2Fcategories&post=10932"},{"taxonomy":"post_tag","embeddable":true,"href":"https:\/\/gymnasium-odenkirchen.de\/wordpress\/index.php?rest_route=%2Fwp%2Fv2%2Ftags&post=10932"}],"curies":[{"name":"wp","href":"https:\/\/api.w.org\/{rel}","templated":true}]}}