{"id":10974,"date":"2023-12-20T10:38:29","date_gmt":"2023-12-20T08:38:29","guid":{"rendered":"https:\/\/gymnasium-odenkirchen.de\/wordpress\/?p=10974"},"modified":"2023-12-20T10:38:29","modified_gmt":"2023-12-20T08:38:29","slug":"vorlesewettbewerb-2023","status":"publish","type":"post","link":"https:\/\/gymnasium-odenkirchen.de\/wordpress\/?p=10974","title":{"rendered":"Vorlesewettbewerb 2023"},"content":{"rendered":"<p>Dass das Vorlesen in jeder Altersklasse einen positiven Beitrag auf die Sprachkompetenz hat, ist hinreichend erwiesen. Und so stand auch der diesj\u00e4hrige Vorlesewettbewerb unter guten p\u00e4dagogischen Vorzeichen:<br \/>\nDiejenigen Sch\u00fclerinnen und Sch\u00fcler unserer 6. Jahrgangsstufe, die sich klassenintern durchsetzen konnten, traten also einen Tag vor Nikolaus, am 5. Dezember, im Selbstlernzentrum zum Vorlesewettbewerb 2023 an. Unter den fachkundigen Ohren der Deutschlehrerinnen Frau Erpenbach, Frau Praas und Frau Strahl lasen die Kinder aus ihren pers\u00f6nlichen Lieblingsb\u00fcchern vor.<\/p>\n<p>Am Ende konnte sich Leonhard Kropp aus der 6A die Siegeskrone aufsetzen \u2013 dicht gefolgt vom Zweitplatzierten Emilien Greven (ebenfalls 6A) sowie den Drittplatzierten Sch\u00fclern Oskar Kaiser (6C) und Yussuf Amnad (6D).<\/p>\n<p>Wir gratulieren ganz herzlich und w\u00fcnschen allen Sch\u00fclerinnen und Sch\u00fclern, dass der Weihnachtsmann \u2013 vom Vorlesewettbewerb inspiriert \u2013 auch das ein oder andere gute Buch unter die Tannenb\u00e4ume legt.<\/p>\n<p>Hke<\/p>\nngg_shortcode_0_placeholder\n","protected":false},"excerpt":{"rendered":"<p>Dass das Vorlesen in jeder Altersklasse einen positiven Beitrag auf die Sprachkompetenz hat, ist hinreichend erwiesen. Und so stand auch der diesj\u00e4hrige Vorlesewettbewerb unter guten p\u00e4dagogischen Vorzeichen: Diejenigen Sch\u00fclerinnen und Sch\u00fcler unserer 6. Jahrgangsstufe, die sich klassenintern durchsetzen konnten, traten also einen Tag vor Nikolaus, am 5. Dezember, im Selbstlernzentrum zum Vorlesewettbewerb 2023 an. Unter den fachkundigen Ohren der Deutschlehrerinnen Frau Erpenbach, Frau Praas und Frau Strahl lasen die Kinder aus ihren pers\u00f6nlichen Lieblingsb\u00fcchern vor. Am Ende konnte sich Leonhard Kropp aus der 6A die Siegeskrone aufsetzen \u2013 dicht gefolgt vom Zweitplatzierten Emilien Greven (ebenfalls 6A) sowie den Drittplatzierten Sch\u00fclern [&hellip;]<\/p>\n","protected":false},"author":8,"featured_media":10978,"comment_status":"closed","ping_status":"open","sticky":false,"template":"","format":"standard","meta":{"ngg_post_thumbnail":0,"footnotes":""},"categories":[163],"tags":[],"class_list":["post-10974","post","type-post","status-publish","format-standard","has-post-thumbnail","hentry","category-2023-24"],"_links":{"self":[{"href":"https:\/\/gymnasium-odenkirchen.de\/wordpress\/index.php?rest_route=\/wp\/v2\/posts\/10974","targetHints":{"allow":["GET"]}}],"collection":[{"href":"https:\/\/gymnasium-odenkirchen.de\/wordpress\/index.php?rest_route=\/wp\/v2\/posts"}],"about":[{"href":"https:\/\/gymnasium-odenkirchen.de\/wordpress\/index.php?rest_route=\/wp\/v2\/types\/post"}],"author":[{"embeddable":true,"href":"https:\/\/gymnasium-odenkirchen.de\/wordpress\/index.php?rest_route=\/wp\/v2\/users\/8"}],"replies":[{"embeddable":true,"href":"https:\/\/gymnasium-odenkirchen.de\/wordpress\/index.php?rest_route=%2Fwp%2Fv2%2Fcomments&post=10974"}],"version-history":[{"count":1,"href":"https:\/\/gymnasium-odenkirchen.de\/wordpress\/index.php?rest_route=\/wp\/v2\/posts\/10974\/revisions"}],"predecessor-version":[{"id":10986,"href":"https:\/\/gymnasium-odenkirchen.de\/wordpress\/index.php?rest_route=\/wp\/v2\/posts\/10974\/revisions\/10986"}],"wp:featuredmedia":[{"embeddable":true,"href":"https:\/\/gymnasium-odenkirchen.de\/wordpress\/index.php?rest_route=\/wp\/v2\/media\/10978"}],"wp:attachment":[{"href":"https:\/\/gymnasium-odenkirchen.de\/wordpress\/index.php?rest_route=%2Fwp%2Fv2%2Fmedia&parent=10974"}],"wp:term":[{"taxonomy":"category","embeddable":true,"href":"https:\/\/gymnasium-odenkirchen.de\/wordpress\/index.php?rest_route=%2Fwp%2Fv2%2Fcategories&post=10974"},{"taxonomy":"post_tag","embeddable":true,"href":"https:\/\/gymnasium-odenkirchen.de\/wordpress\/index.php?rest_route=%2Fwp%2Fv2%2Ftags&post=10974"}],"curies":[{"name":"wp","href":"https:\/\/api.w.org\/{rel}","templated":true}]}}