{"id":11030,"date":"2024-01-31T22:07:13","date_gmt":"2024-01-31T20:07:13","guid":{"rendered":"https:\/\/gymnasium-odenkirchen.de\/wordpress\/?p=11030"},"modified":"2024-01-31T22:07:13","modified_gmt":"2024-01-31T20:07:13","slug":"theater-auffuehrung-von-prokuku-am-gymnasium-odenkirchen","status":"publish","type":"post","link":"https:\/\/gymnasium-odenkirchen.de\/wordpress\/?p=11030","title":{"rendered":"Theater-Auff\u00fchrung von ProKuKu am Gymnasium Odenkirchen"},"content":{"rendered":"<p>Am 24. Januar war es der Schulgemeinde eine besondere Freude, die Theater-Gruppe ProKuKu aus Krefeld bei uns in der Aula begr\u00fc\u00dfen zu d\u00fcrfen. Unter der Leitung von Nadja Sinzig, die auch f\u00fcr die Theater-AG in unserer 5\/6. Jahrgangsstufe verantwortlich ist, pr\u00e4sentierten die f\u00fcnf Darstellerinnen und Darsteller ihr St\u00fcck \u201cMaximedia \u2013 zwischen Illusion und Realit\u00e4t\u201d. <!--more-->Der Fokus lag dabei auf dem Thema Social Media: Wer bin ich im Internet und bin das im Internet wirklich ich? Auf der Suche nach Anschluss und jemandem zum Reden trifft Max, der Hauptdarsteller \u2013 \u00fcbrigens hervorragend gespielt von unserem Q2-Sch\u00fcler Beni Ma\u2019Nzian \u2013, auf die T\u00fccken im Netz. Authentisch, kritisch und mit Humor beleuchtete das Ensemble im St\u00fcck die Risiken der sozialen Medien. Abgerundet wurde der Auftritt durch einen interessierten Austausch mit dem Publikum.<\/p>\n<p>\u00dcbrigens ist die Theatergruppe immer auf der Suche nach neuen Mitgliedern. Wer Interesse hat, kann gerne \u00fcber z.B. den Instagram-Account (@pro.ku.ku) mit den ProKuKu\u2019s in Kontakt treten. Oder \u2013 klassisch \u2013 via E-Mail an info@theaterraum.com.<\/p>\n<p>Vielen Dank an alle, die mitgemacht haben!<\/p>\n<p>Hke<\/p>\n","protected":false},"excerpt":{"rendered":"<p>Am 24. Januar war es der Schulgemeinde eine besondere Freude, die Theater-Gruppe ProKuKu aus Krefeld bei uns in der Aula begr\u00fc\u00dfen zu d\u00fcrfen. Unter der Leitung von Nadja Sinzig, die auch f\u00fcr die Theater-AG in unserer 5\/6. Jahrgangsstufe verantwortlich ist, pr\u00e4sentierten die f\u00fcnf Darstellerinnen und Darsteller ihr St\u00fcck \u201cMaximedia \u2013 zwischen Illusion und Realit\u00e4t\u201d.<\/p>\n","protected":false},"author":8,"featured_media":11031,"comment_status":"closed","ping_status":"open","sticky":false,"template":"","format":"standard","meta":{"ngg_post_thumbnail":0,"footnotes":""},"categories":[163,81,84,79],"tags":[],"class_list":["post-11030","post","type-post","status-publish","format-standard","has-post-thumbnail","hentry","category-2023-24","category-projekte","category-theater","category-veranstaltungen"],"_links":{"self":[{"href":"https:\/\/gymnasium-odenkirchen.de\/wordpress\/index.php?rest_route=\/wp\/v2\/posts\/11030","targetHints":{"allow":["GET"]}}],"collection":[{"href":"https:\/\/gymnasium-odenkirchen.de\/wordpress\/index.php?rest_route=\/wp\/v2\/posts"}],"about":[{"href":"https:\/\/gymnasium-odenkirchen.de\/wordpress\/index.php?rest_route=\/wp\/v2\/types\/post"}],"author":[{"embeddable":true,"href":"https:\/\/gymnasium-odenkirchen.de\/wordpress\/index.php?rest_route=\/wp\/v2\/users\/8"}],"replies":[{"embeddable":true,"href":"https:\/\/gymnasium-odenkirchen.de\/wordpress\/index.php?rest_route=%2Fwp%2Fv2%2Fcomments&post=11030"}],"version-history":[{"count":1,"href":"https:\/\/gymnasium-odenkirchen.de\/wordpress\/index.php?rest_route=\/wp\/v2\/posts\/11030\/revisions"}],"predecessor-version":[{"id":11032,"href":"https:\/\/gymnasium-odenkirchen.de\/wordpress\/index.php?rest_route=\/wp\/v2\/posts\/11030\/revisions\/11032"}],"wp:featuredmedia":[{"embeddable":true,"href":"https:\/\/gymnasium-odenkirchen.de\/wordpress\/index.php?rest_route=\/wp\/v2\/media\/11031"}],"wp:attachment":[{"href":"https:\/\/gymnasium-odenkirchen.de\/wordpress\/index.php?rest_route=%2Fwp%2Fv2%2Fmedia&parent=11030"}],"wp:term":[{"taxonomy":"category","embeddable":true,"href":"https:\/\/gymnasium-odenkirchen.de\/wordpress\/index.php?rest_route=%2Fwp%2Fv2%2Fcategories&post=11030"},{"taxonomy":"post_tag","embeddable":true,"href":"https:\/\/gymnasium-odenkirchen.de\/wordpress\/index.php?rest_route=%2Fwp%2Fv2%2Ftags&post=11030"}],"curies":[{"name":"wp","href":"https:\/\/api.w.org\/{rel}","templated":true}]}}