{"id":11255,"date":"2024-05-27T15:06:20","date_gmt":"2024-05-27T13:06:20","guid":{"rendered":"https:\/\/gymnasium-odenkirchen.de\/wordpress\/?p=11255"},"modified":"2024-07-01T09:08:43","modified_gmt":"2024-07-01T07:08:43","slug":"einladung-zum-50-jaehrigen-jubilaeum-des-abiturjahrgangs-von-1974","status":"publish","type":"post","link":"https:\/\/gymnasium-odenkirchen.de\/wordpress\/?p=11255","title":{"rendered":"Einladung zum 50-j\u00e4hrigen Jubil\u00e4um des Abiturjahrgangs von 1974"},"content":{"rendered":"\r\n<p>Das lokale Informationsangebot &#8222;Der Lokalbote&#8220; informiert hier \u00fcber die Einladung der Abiturientia &#8217;74 zum 50-j\u00e4hrigen Jubil\u00e4um.<\/p>\r\n\r\n\r\n\r\n<p>https:\/\/der-lokalbote.de\/odenkirchen\/news-ok\/50-jahre-abiturientia-gymnasium-odenkirchen-1<\/p>\r\n","protected":false},"excerpt":{"rendered":"<p>Das lokale Informationsangebot &#8222;Der Lokalbote&#8220; informiert hier \u00fcber die Einladung der Abiturientia &#8217;74 zum 50-j\u00e4hrigen Jubil\u00e4um. https:\/\/der-lokalbote.de\/odenkirchen\/news-ok\/50-jahre-abiturientia-gymnasium-odenkirchen-1<\/p>\n","protected":false},"author":8,"featured_media":11254,"comment_status":"closed","ping_status":"open","sticky":false,"template":"","format":"standard","meta":{"ngg_post_thumbnail":0,"footnotes":""},"categories":[163,95,79],"tags":[],"class_list":["post-11255","post","type-post","status-publish","format-standard","has-post-thumbnail","hentry","category-2023-24","category-lokalbote","category-veranstaltungen"],"_links":{"self":[{"href":"https:\/\/gymnasium-odenkirchen.de\/wordpress\/index.php?rest_route=\/wp\/v2\/posts\/11255","targetHints":{"allow":["GET"]}}],"collection":[{"href":"https:\/\/gymnasium-odenkirchen.de\/wordpress\/index.php?rest_route=\/wp\/v2\/posts"}],"about":[{"href":"https:\/\/gymnasium-odenkirchen.de\/wordpress\/index.php?rest_route=\/wp\/v2\/types\/post"}],"author":[{"embeddable":true,"href":"https:\/\/gymnasium-odenkirchen.de\/wordpress\/index.php?rest_route=\/wp\/v2\/users\/8"}],"replies":[{"embeddable":true,"href":"https:\/\/gymnasium-odenkirchen.de\/wordpress\/index.php?rest_route=%2Fwp%2Fv2%2Fcomments&post=11255"}],"version-history":[{"count":2,"href":"https:\/\/gymnasium-odenkirchen.de\/wordpress\/index.php?rest_route=\/wp\/v2\/posts\/11255\/revisions"}],"predecessor-version":[{"id":11270,"href":"https:\/\/gymnasium-odenkirchen.de\/wordpress\/index.php?rest_route=\/wp\/v2\/posts\/11255\/revisions\/11270"}],"wp:featuredmedia":[{"embeddable":true,"href":"https:\/\/gymnasium-odenkirchen.de\/wordpress\/index.php?rest_route=\/wp\/v2\/media\/11254"}],"wp:attachment":[{"href":"https:\/\/gymnasium-odenkirchen.de\/wordpress\/index.php?rest_route=%2Fwp%2Fv2%2Fmedia&parent=11255"}],"wp:term":[{"taxonomy":"category","embeddable":true,"href":"https:\/\/gymnasium-odenkirchen.de\/wordpress\/index.php?rest_route=%2Fwp%2Fv2%2Fcategories&post=11255"},{"taxonomy":"post_tag","embeddable":true,"href":"https:\/\/gymnasium-odenkirchen.de\/wordpress\/index.php?rest_route=%2Fwp%2Fv2%2Ftags&post=11255"}],"curies":[{"name":"wp","href":"https:\/\/api.w.org\/{rel}","templated":true}]}}