{"id":11403,"date":"2024-07-04T06:23:54","date_gmt":"2024-07-04T04:23:54","guid":{"rendered":"https:\/\/gymnasium-odenkirchen.de\/wordpress\/?p=11403"},"modified":"2024-07-08T18:49:29","modified_gmt":"2024-07-08T16:49:29","slug":"schuljahresendspurt","status":"publish","type":"post","link":"https:\/\/gymnasium-odenkirchen.de\/wordpress\/?p=11403","title":{"rendered":"Schuljahresendspurt"},"content":{"rendered":"<p>Wer in die Schule geht \u2013 ob als Sch\u00fcler\/-in oder Lehrkraft -, der feiert eigentlich zwei Mal im Jahr \u00bbSilvester\u00ab: einmal zum Ende des Schul-, ein zweites Mal zum Ende des Kalenderjahres. Und immer liegt in der vorausgehenden Zeit eine ganz spezielle Stimmung \u2013 so auch aktuell im Schuljahresendspurt.<\/p>\n<p><!--more--><\/p>\n<p>Auf der Beliebtheitsskala ganz oben stehen traditionell Schulausfl\u00fcge: F\u00fcr die Klasse 7C ging es nach Wachtendonk zum Wasserskifahren in der \u00bbBlauen Lagune\u00ab, was zur \u00dcberraschung aller bei den allermeisten recht schnell recht gut geklappt hat. Auch toll: der Aquapark \u2013 eine luftgef\u00fcllter Hindernis-\/Kletter-\/Sprung-Parcours auf der Seeoberfl\u00e4che. F\u00fcr die Achtkl\u00e4ssler\/-innen, die Franz\u00f6sisch lernen, ging es dagegen nach L\u00fcttich, wo sie u.a. die 374 Stufen der Montagne de Bueren bew\u00e4ltigten, um die Stadt an der Maas von oben zu betrachten. Auch der Rundumblick vom Curtius Museum \u00fcber den Justizpalast am Place St. Lambert, die Kathedrale und die Oper bis zum beeindruckenden Bahnhof Li\u00e8ge-Guillemins konnten \u00fcberzeugen. Die Klassen 5B &amp; 5C gingen zum Bowling-Spielen, was sich beim dem tristen Wetter der vergangenen Tage als durchaus gute Idee erwies. F\u00fcr die die Q1 (alle Religions- &amp; Philosophiekurse) ging es au\u00dferdem in den Garten der Religionen nach K\u00f6ln. Dort machte die Gruppe u.a. interaktive Spiele zum Thema \u00bbinterreligi\u00f6ser Dialog\u00ab &#8211; umgeben von einer gr\u00fcnen Oase mitten in Herzen der Domstadt. Auch nach K\u00f6ln (aber unter der \u00dcberschrift \u00bbFauna\u00ab) unternahm die 8C am 10. Juni einen Ausflug zum K\u00f6lner Zoo und besuchte dort nat\u00fcrlich auch Sarinya, das Elefantenbaby. Weder der Dauerregen, noch die T\u00fccken des \u00d6PNV konnten die Gruppe aufhalten. Die Franz\u00f6sisch-Klassen der 9. &amp; 10. Jahrgangsstufe nahmen Kurs auf Br\u00fcssel, um dort frankophones Ambiete zu erleben, etwas Franz\u00f6sisch zu sprechen und eine europ\u00e4ische Hauptstadt zu erkunden. Nach Ausfl\u00fcgen rangiert sich das Klassenfest auf Rang 2 auf, wie z.B. die Klasse 9A bewies; bei Pizza &amp; k\u00fchlen Getr\u00e4nken lie\u00dfen sich die vergangenen Monaten gut Revue passieren. Nicht zu vergessen unsere Abiturentlassfeier, bei der unseren Abiturient\/-innen feierlich ihre Abiturzeugnisse \u00fcberreicht wurden.<\/p>\n<p>Und jetzt biegt die Schulgemeinde auf die Zielgerade ein, um am Freitag endlich in die wohlverdienten Sommerferien zu starten!<\/p>\n<p>Al\/An\/Ge\/Hf\/Hke\/La<\/p>\n<div id='gallery-1' class='gallery galleryid-11403 gallery-columns-3 gallery-size-thumbnail'><figure class='gallery-item'>\n\t\t\t<div class='gallery-icon landscape'>\n\t\t\t\t<a href='https:\/\/gymnasium-odenkirchen.de\/wordpress\/?attachment_id=11407'><img loading=\"lazy\" decoding=\"async\" width=\"150\" height=\"150\" src=\"https:\/\/gymnasium-odenkirchen.de\/wordpress\/wp-content\/uploads\/2024\/07\/20240701_103125-150x150.jpg\" class=\"attachment-thumbnail size-thumbnail\" alt=\"\" \/><\/a>\n\t\t\t<\/div><\/figure><figure class='gallery-item'>\n\t\t\t<div class='gallery-icon landscape'>\n\t\t\t\t<a href='https:\/\/gymnasium-odenkirchen.de\/wordpress\/?attachment_id=11405'><img loading=\"lazy\" decoding=\"async\" width=\"150\" height=\"150\" src=\"https:\/\/gymnasium-odenkirchen.de\/wordpress\/wp-content\/uploads\/2024\/07\/20240626_145020-150x150.jpg\" class=\"attachment-thumbnail size-thumbnail\" alt=\"\" \/><\/a>\n\t\t\t<\/div><\/figure><figure class='gallery-item'>\n\t\t\t<div class='gallery-icon landscape'>\n\t\t\t\t<a href='https:\/\/gymnasium-odenkirchen.de\/wordpress\/?attachment_id=11406'><img loading=\"lazy\" decoding=\"async\" width=\"150\" height=\"150\" src=\"https:\/\/gymnasium-odenkirchen.de\/wordpress\/wp-content\/uploads\/2024\/07\/20240701_0857392-150x150.jpg\" class=\"attachment-thumbnail size-thumbnail\" alt=\"\" \/><\/a>\n\t\t\t<\/div><\/figure><figure class='gallery-item'>\n\t\t\t<div class='gallery-icon landscape'>\n\t\t\t\t<a href='https:\/\/gymnasium-odenkirchen.de\/wordpress\/?attachment_id=11404'><img loading=\"lazy\" decoding=\"async\" width=\"150\" height=\"150\" src=\"https:\/\/gymnasium-odenkirchen.de\/wordpress\/wp-content\/uploads\/2024\/07\/20240626_094621-150x150.jpg\" class=\"attachment-thumbnail size-thumbnail\" alt=\"\" \/><\/a>\n\t\t\t<\/div><\/figure><figure class='gallery-item'>\n\t\t\t<div class='gallery-icon landscape'>\n\t\t\t\t<a href='https:\/\/gymnasium-odenkirchen.de\/wordpress\/?attachment_id=11408'><img loading=\"lazy\" decoding=\"async\" width=\"150\" height=\"150\" src=\"https:\/\/gymnasium-odenkirchen.de\/wordpress\/wp-content\/uploads\/2024\/07\/IMG-20240628-WA0058-150x150.jpg\" class=\"attachment-thumbnail size-thumbnail\" alt=\"\" \/><\/a>\n\t\t\t<\/div><\/figure><figure class='gallery-item'>\n\t\t\t<div class='gallery-icon portrait'>\n\t\t\t\t<a href='https:\/\/gymnasium-odenkirchen.de\/wordpress\/?attachment_id=11409'><img loading=\"lazy\" decoding=\"async\" width=\"150\" height=\"150\" src=\"https:\/\/gymnasium-odenkirchen.de\/wordpress\/wp-content\/uploads\/2024\/07\/Screenshot_20240703_173444_WhatsApp-150x150.jpg\" class=\"attachment-thumbnail size-thumbnail\" alt=\"\" \/><\/a>\n\t\t\t<\/div><\/figure>\n\t\t<\/div>\n\n","protected":false},"excerpt":{"rendered":"<p>Wer in die Schule geht \u2013 ob als Sch\u00fcler\/-in oder Lehrkraft -, der feiert eigentlich zwei Mal im Jahr \u00bbSilvester\u00ab: einmal zum Ende des Schul-, ein zweites Mal zum Ende des Kalenderjahres. Und immer liegt in der vorausgehenden Zeit eine ganz spezielle Stimmung \u2013 so auch aktuell im Schuljahresendspurt.<\/p>\n","protected":false},"author":5,"featured_media":11405,"comment_status":"closed","ping_status":"open","sticky":false,"template":"","format":"standard","meta":{"ngg_post_thumbnail":0,"footnotes":""},"categories":[163,1,98],"tags":[],"class_list":["post-11403","post","type-post","status-publish","format-standard","has-post-thumbnail","hentry","category-2023-24","category-allgemein","category-ausfluege"],"_links":{"self":[{"href":"https:\/\/gymnasium-odenkirchen.de\/wordpress\/index.php?rest_route=\/wp\/v2\/posts\/11403","targetHints":{"allow":["GET"]}}],"collection":[{"href":"https:\/\/gymnasium-odenkirchen.de\/wordpress\/index.php?rest_route=\/wp\/v2\/posts"}],"about":[{"href":"https:\/\/gymnasium-odenkirchen.de\/wordpress\/index.php?rest_route=\/wp\/v2\/types\/post"}],"author":[{"embeddable":true,"href":"https:\/\/gymnasium-odenkirchen.de\/wordpress\/index.php?rest_route=\/wp\/v2\/users\/5"}],"replies":[{"embeddable":true,"href":"https:\/\/gymnasium-odenkirchen.de\/wordpress\/index.php?rest_route=%2Fwp%2Fv2%2Fcomments&post=11403"}],"version-history":[{"count":3,"href":"https:\/\/gymnasium-odenkirchen.de\/wordpress\/index.php?rest_route=\/wp\/v2\/posts\/11403\/revisions"}],"predecessor-version":[{"id":11417,"href":"https:\/\/gymnasium-odenkirchen.de\/wordpress\/index.php?rest_route=\/wp\/v2\/posts\/11403\/revisions\/11417"}],"wp:featuredmedia":[{"embeddable":true,"href":"https:\/\/gymnasium-odenkirchen.de\/wordpress\/index.php?rest_route=\/wp\/v2\/media\/11405"}],"wp:attachment":[{"href":"https:\/\/gymnasium-odenkirchen.de\/wordpress\/index.php?rest_route=%2Fwp%2Fv2%2Fmedia&parent=11403"}],"wp:term":[{"taxonomy":"category","embeddable":true,"href":"https:\/\/gymnasium-odenkirchen.de\/wordpress\/index.php?rest_route=%2Fwp%2Fv2%2Fcategories&post=11403"},{"taxonomy":"post_tag","embeddable":true,"href":"https:\/\/gymnasium-odenkirchen.de\/wordpress\/index.php?rest_route=%2Fwp%2Fv2%2Ftags&post=11403"}],"curies":[{"name":"wp","href":"https:\/\/api.w.org\/{rel}","templated":true}]}}