{"id":12526,"date":"2026-01-07T07:32:36","date_gmt":"2026-01-07T05:32:36","guid":{"rendered":"https:\/\/gymnasium-odenkirchen.de\/wordpress\/?p=12526"},"modified":"2026-01-07T07:33:09","modified_gmt":"2026-01-07T05:33:09","slug":"jugend-debattiert-schulwettbewerb-2026-am-gymnasium-odenkirchen","status":"publish","type":"post","link":"https:\/\/gymnasium-odenkirchen.de\/wordpress\/?p=12526","title":{"rendered":"Jugend debattiert \u2013 Schulwettbewerb 2026 am Gymnasium  Odenkirchen"},"content":{"rendered":"<p data-end=\"504\" data-start=\"208\">Liebe Freunde der Demokratie,<\/p>\n<p data-end=\"504\" data-start=\"208\">nach der gelungenen Premiere im vergangenen Jahr geht es weiter:<\/p>\n<p data-end=\"504\" data-start=\"208\">Am Mittwoch, den<strong> 14. Januar 2026<\/strong>, um <strong>19:00 Uhr<\/strong> findet am <strong>Gymnasium Odenkirchen (AULA)<\/strong> bereits zum zweiten Mal der Schulwettbewerb von <strong>\u201eJugend debattiert\u201c<\/strong> statt \u2013 ein Abend voller Argumente, Spannung und engagierter junger Stimmen.<\/p>\n<p data-end=\"836\" data-start=\"506\">Schon im letzten Jahr konnte unsere Schule tolle Erlebnisse mitnehmen: Vier Sch\u00fclerinnen und Sch\u00fcler, jeweils zwei aus Altersgruppe 1 und 2, vertraten das Gymnasium Odenkirchen beim Regionalwettbewerb im Rathaus D\u00fcsseldorf. Auch in diesem Jahr gehen wir mit starken Kandidatinnen und Kandidaten an den Start.<\/p>\n<p data-end=\"945\" data-start=\"838\">Im <strong>Schulfinale am 14.01.2026<\/strong> treten jeweils vier Debattierende pro Altersgruppe gegeneinander an:<\/p>\n<ul data-end=\"1086\" data-start=\"946\">\n<li data-end=\"1021\" data-start=\"946\">\n<p data-end=\"1021\" data-start=\"948\">Altersgruppe 1: Sch\u00fclerinnen und Sch\u00fcler der <strong>Jahrg\u00e4nge 9 und 10<\/strong><\/p>\n<\/li>\n<li data-end=\"1086\" data-start=\"1022\">\n<p data-end=\"1086\" data-start=\"1024\">Altersgruppe 2: Sch\u00fclerinnen und Sch\u00fcler der <strong>EF und Q1<\/strong><\/p>\n<\/li>\n<\/ul>\n<p data-end=\"1386\" data-start=\"1088\">Wer an diesem Abend auf der B\u00fchne stehen wird, entscheidet sich zuvor an <strong>zwei intensiven Blocktagen am 07. und 08. Januar<\/strong>, an denen die Teilnehmenden noch einmal gezielt und intensiv geschult werden. Argumentation, Ausdruck, Gespr\u00e4chsf\u00e4higkeit und \u00dcberzeugungskraft stehen dabei im Mittelpunkt.<\/p>\n<p data-end=\"1809\" data-start=\"1388\">Besonders freuen wir uns in diesem Jahr \u00fcber eine erweiterte und hochkompetente Jury:<br \/>\nNeben den Koordinatoren Stefan Hoffmann und Jasin Alzaben werden erstmals auch Alexa Peschke (Lehrerin) sowie Anna Baumann (Sch\u00fclerin der EF) als ausgebildete Jurymitglieder dabei sein. Sie sorgen mit fachlicher Expertise und wertsch\u00e4tzenden R\u00fcckmeldungen f\u00fcr eine professionelle und faire Bewertung der Debatten.<\/p>\n<p data-end=\"2001\" data-start=\"1811\">Der Schulwettbewerb verspricht spannende Themen, engagierte Wortgefechte und beeindruckende Leistungen unserer Sch\u00fclerinnen und Sch\u00fcler \u2013 und ist damit ein echtes Highlight im Schuljahr.<\/p>\n<p data-end=\"2161\" data-start=\"2003\">Alle Interessierten sind herzlich eingeladen!<br \/>\nF\u00fcr kleine Snacks sowie musikalische Unterhaltung in den Pausen ist selbstverst\u00e4ndlich gesorgt.<\/p>\n<p data-end=\"2312\" data-start=\"2163\">Kommen Sie vorbei, feuern Sie unsere Debattierenden an und erleben Sie, wie lebendig Demokratie und Meinungsvielfalt an unserer Schule gelebt werden!<\/p>\n<p data-end=\"2380\" data-start=\"2314\">Wir freuen uns auf einen inspirierenden Abend und viele G\u00e4ste!<\/p>\n<p data-end=\"2380\" data-start=\"2314\">Mit besten Gr\u00fc\u00dfen<\/p>\n<p data-end=\"2380\" data-start=\"2314\">Jasin Alzaben und Stefan Hoffmann<\/p>\n<p data-end=\"2380\" data-start=\"2314\">&nbsp;<\/p>\n","protected":false},"excerpt":{"rendered":"<p>Liebe Freunde der Demokratie, nach der gelungenen Premiere im vergangenen Jahr geht es weiter: Am Mittwoch, den 14. Januar 2026, um 19:00 Uhr findet am Gymnasium Odenkirchen (AULA) bereits zum zweiten Mal der Schulwettbewerb von \u201eJugend debattiert\u201c statt \u2013 ein Abend voller Argumente, Spannung und engagierter junger Stimmen. Schon im letzten Jahr konnte unsere Schule tolle Erlebnisse mitnehmen: Vier Sch\u00fclerinnen und Sch\u00fcler, jeweils zwei aus Altersgruppe 1 und 2, vertraten das Gymnasium Odenkirchen beim Regionalwettbewerb im Rathaus D\u00fcsseldorf. Auch in diesem Jahr gehen wir mit starken Kandidatinnen und Kandidaten an den Start. Im Schulfinale am 14.01.2026 treten jeweils vier Debattierende [&hellip;]<\/p>\n","protected":false},"author":5,"featured_media":12527,"comment_status":"closed","ping_status":"open","sticky":false,"template":"","format":"standard","meta":{"ngg_post_thumbnail":0,"footnotes":""},"categories":[186,184],"tags":[],"class_list":["post-12526","post","type-post","status-publish","format-standard","has-post-thumbnail","hentry","category-2025-26","category-demokratie"],"_links":{"self":[{"href":"https:\/\/gymnasium-odenkirchen.de\/wordpress\/index.php?rest_route=\/wp\/v2\/posts\/12526","targetHints":{"allow":["GET"]}}],"collection":[{"href":"https:\/\/gymnasium-odenkirchen.de\/wordpress\/index.php?rest_route=\/wp\/v2\/posts"}],"about":[{"href":"https:\/\/gymnasium-odenkirchen.de\/wordpress\/index.php?rest_route=\/wp\/v2\/types\/post"}],"author":[{"embeddable":true,"href":"https:\/\/gymnasium-odenkirchen.de\/wordpress\/index.php?rest_route=\/wp\/v2\/users\/5"}],"replies":[{"embeddable":true,"href":"https:\/\/gymnasium-odenkirchen.de\/wordpress\/index.php?rest_route=%2Fwp%2Fv2%2Fcomments&post=12526"}],"version-history":[{"count":1,"href":"https:\/\/gymnasium-odenkirchen.de\/wordpress\/index.php?rest_route=\/wp\/v2\/posts\/12526\/revisions"}],"predecessor-version":[{"id":12528,"href":"https:\/\/gymnasium-odenkirchen.de\/wordpress\/index.php?rest_route=\/wp\/v2\/posts\/12526\/revisions\/12528"}],"wp:featuredmedia":[{"embeddable":true,"href":"https:\/\/gymnasium-odenkirchen.de\/wordpress\/index.php?rest_route=\/wp\/v2\/media\/12527"}],"wp:attachment":[{"href":"https:\/\/gymnasium-odenkirchen.de\/wordpress\/index.php?rest_route=%2Fwp%2Fv2%2Fmedia&parent=12526"}],"wp:term":[{"taxonomy":"category","embeddable":true,"href":"https:\/\/gymnasium-odenkirchen.de\/wordpress\/index.php?rest_route=%2Fwp%2Fv2%2Fcategories&post=12526"},{"taxonomy":"post_tag","embeddable":true,"href":"https:\/\/gymnasium-odenkirchen.de\/wordpress\/index.php?rest_route=%2Fwp%2Fv2%2Ftags&post=12526"}],"curies":[{"name":"wp","href":"https:\/\/api.w.org\/{rel}","templated":true}]}}