{"id":12657,"date":"2026-04-28T07:12:13","date_gmt":"2026-04-28T05:12:13","guid":{"rendered":"https:\/\/gymnasium-odenkirchen.de\/wordpress\/?p=12657"},"modified":"2026-04-28T07:12:13","modified_gmt":"2026-04-28T05:12:13","slug":"schulhofgestaltung-neue-sitzbaenke-reloaded","status":"publish","type":"post","link":"https:\/\/gymnasium-odenkirchen.de\/wordpress\/?p=12657","title":{"rendered":"Schulhofgestaltung: neue Sitzb\u00e4nke (reloaded)"},"content":{"rendered":"<p>Nachdem \u00fcber die Karnevalstage bereits am D-Bau und zwischen den Schultoren neue Sitzb\u00e4nke installiert wurden, hat das Ensemble der Sitzgelegenheiten nun erneut Zuwachs bekommen &#8211; und zwar weithin sichtbar entlang der gesamten Linie der Blumenbeete vor dem C-Bau.&nbsp;<\/p>\n<p>Aber auch der \u201eNintendo-Pilz\u201c, das Abidenkmal der Abiturientia 2013, wurde wieder in den Ursprungszustand versetzt und wird nun endlich wieder von einer den Pilz umlaufenden Rundbank versch\u00f6nert. Allesamt echte Schreinerkunst und ein weiterer Mosaikstein im konsequenten Bestreben, unsere Schule zu einem noch sch\u00f6neren Ort zu machen.&nbsp;<\/p>\n<p>Vielen Dank an unsere Schulleiterin Frau N\u00fcbel-Can, durch deren Initiative das alles so kurzfristig m\u00f6glich gemacht wurde!&nbsp;<\/p>\n<p style=\"text-align: right;\">Hke&nbsp;<\/p>\n","protected":false},"excerpt":{"rendered":"<p>Nachdem \u00fcber die Karnevalstage bereits am D-Bau und zwischen den Schultoren neue Sitzb\u00e4nke installiert wurden, hat das Ensemble der Sitzgelegenheiten nun erneut Zuwachs bekommen &#8211; und zwar weithin sichtbar entlang der gesamten Linie der Blumenbeete vor dem C-Bau.&nbsp; Aber auch der \u201eNintendo-Pilz\u201c, das Abidenkmal der Abiturientia 2013, wurde wieder in den Ursprungszustand versetzt und wird nun endlich wieder von einer den Pilz umlaufenden Rundbank versch\u00f6nert. Allesamt echte Schreinerkunst und ein weiterer Mosaikstein im konsequenten Bestreben, unsere Schule zu einem noch sch\u00f6neren Ort zu machen.&nbsp; Vielen Dank an unsere Schulleiterin Frau N\u00fcbel-Can, durch deren Initiative das alles so kurzfristig m\u00f6glich gemacht [&hellip;]<\/p>\n","protected":false},"author":5,"featured_media":12658,"comment_status":"closed","ping_status":"open","sticky":false,"template":"","format":"standard","meta":{"ngg_post_thumbnail":0,"footnotes":""},"categories":[186,1,81],"tags":[],"class_list":["post-12657","post","type-post","status-publish","format-standard","has-post-thumbnail","hentry","category-2025-26","category-allgemein","category-projekte"],"_links":{"self":[{"href":"https:\/\/gymnasium-odenkirchen.de\/wordpress\/index.php?rest_route=\/wp\/v2\/posts\/12657","targetHints":{"allow":["GET"]}}],"collection":[{"href":"https:\/\/gymnasium-odenkirchen.de\/wordpress\/index.php?rest_route=\/wp\/v2\/posts"}],"about":[{"href":"https:\/\/gymnasium-odenkirchen.de\/wordpress\/index.php?rest_route=\/wp\/v2\/types\/post"}],"author":[{"embeddable":true,"href":"https:\/\/gymnasium-odenkirchen.de\/wordpress\/index.php?rest_route=\/wp\/v2\/users\/5"}],"replies":[{"embeddable":true,"href":"https:\/\/gymnasium-odenkirchen.de\/wordpress\/index.php?rest_route=%2Fwp%2Fv2%2Fcomments&post=12657"}],"version-history":[{"count":1,"href":"https:\/\/gymnasium-odenkirchen.de\/wordpress\/index.php?rest_route=\/wp\/v2\/posts\/12657\/revisions"}],"predecessor-version":[{"id":12659,"href":"https:\/\/gymnasium-odenkirchen.de\/wordpress\/index.php?rest_route=\/wp\/v2\/posts\/12657\/revisions\/12659"}],"wp:featuredmedia":[{"embeddable":true,"href":"https:\/\/gymnasium-odenkirchen.de\/wordpress\/index.php?rest_route=\/wp\/v2\/media\/12658"}],"wp:attachment":[{"href":"https:\/\/gymnasium-odenkirchen.de\/wordpress\/index.php?rest_route=%2Fwp%2Fv2%2Fmedia&parent=12657"}],"wp:term":[{"taxonomy":"category","embeddable":true,"href":"https:\/\/gymnasium-odenkirchen.de\/wordpress\/index.php?rest_route=%2Fwp%2Fv2%2Fcategories&post=12657"},{"taxonomy":"post_tag","embeddable":true,"href":"https:\/\/gymnasium-odenkirchen.de\/wordpress\/index.php?rest_route=%2Fwp%2Fv2%2Ftags&post=12657"}],"curies":[{"name":"wp","href":"https:\/\/api.w.org\/{rel}","templated":true}]}}