{"id":12663,"date":"2026-04-29T16:59:15","date_gmt":"2026-04-29T14:59:15","guid":{"rendered":"https:\/\/gymnasium-odenkirchen.de\/wordpress\/?p=12663"},"modified":"2026-04-29T17:02:38","modified_gmt":"2026-04-29T15:02:38","slug":"verein-der-freunde-und-foerderer-des-staedt-gymnasiums-odenkirchen","status":"publish","type":"post","link":"https:\/\/gymnasium-odenkirchen.de\/wordpress\/?p=12663","title":{"rendered":"Verein der Freunde und F\u00f6rderer des St\u00e4dt. Gymnasiums Odenkirchen"},"content":{"rendered":"<p style=\"text-align: center;\">Liebe Mitglieder des F\u00f6rdervereins,<\/p>\n<p style=\"text-align: center;\">hiermit lade ich Sie zu unserer diesj\u00e4hrigen Mitgliederversammlung ein.<\/p>\n<p style=\"text-align: center;\">Sie findet statt am<\/p>\n<p style=\"text-align: center;\"><strong>12.05.2026 um 18.00 Uhr<\/strong><\/p>\n<p style=\"text-align: center;\"><strong>in der Cafeteria unserer Schule (zwischen B- und C-Bau).<\/strong><\/p>\n<p style=\"text-align: center;\"><a href=\"https:\/\/gymnasium-odenkirchen.de\/wordpress\/wp-content\/uploads\/2026\/04\/EinladungJHV2026.pdf\" target=\"_blank\" rel=\"noopener\">Die Tagesordnung finden Sie hier zum Download.<\/a><\/p>\n<p style=\"text-align: center;\">&nbsp;<\/p>\n<p style=\"text-align: center;\">Gleichzeitig m\u00f6chten wir an die Zahlung des diesj\u00e4hrigen Mitgliedsbeitrages erinnern.<\/p>\n<p style=\"text-align: center;\">&nbsp;<\/p>\n<p style=\"text-align: center;\">Wir hoffen auf rege Teilnahme und verbleiben mit freundlichen Gr\u00fc\u00dfen<\/p>\n<p style=\"text-align: center;\">Der Vorstand<\/p>\n","protected":false},"excerpt":{"rendered":"<p>Liebe Mitglieder des F\u00f6rdervereins, hiermit lade ich Sie zu unserer diesj\u00e4hrigen Mitgliederversammlung ein. Sie findet statt am 12.05.2026 um 18.00 Uhr in der Cafeteria unserer Schule (zwischen B- und C-Bau). Die Tagesordnung finden Sie hier zum Download. &nbsp; Gleichzeitig m\u00f6chten wir an die Zahlung des diesj\u00e4hrigen Mitgliedsbeitrages erinnern. &nbsp; Wir hoffen auf rege Teilnahme und verbleiben mit freundlichen Gr\u00fc\u00dfen Der Vorstand<\/p>\n","protected":false},"author":5,"featured_media":9778,"comment_status":"closed","ping_status":"open","sticky":false,"template":"","format":"standard","meta":{"ngg_post_thumbnail":0,"footnotes":""},"categories":[186,57,145],"tags":[],"class_list":["post-12663","post","type-post","status-publish","format-standard","has-post-thumbnail","hentry","category-2025-26","category-ankuendigungen","category-foerderverein"],"_links":{"self":[{"href":"https:\/\/gymnasium-odenkirchen.de\/wordpress\/index.php?rest_route=\/wp\/v2\/posts\/12663","targetHints":{"allow":["GET"]}}],"collection":[{"href":"https:\/\/gymnasium-odenkirchen.de\/wordpress\/index.php?rest_route=\/wp\/v2\/posts"}],"about":[{"href":"https:\/\/gymnasium-odenkirchen.de\/wordpress\/index.php?rest_route=\/wp\/v2\/types\/post"}],"author":[{"embeddable":true,"href":"https:\/\/gymnasium-odenkirchen.de\/wordpress\/index.php?rest_route=\/wp\/v2\/users\/5"}],"replies":[{"embeddable":true,"href":"https:\/\/gymnasium-odenkirchen.de\/wordpress\/index.php?rest_route=%2Fwp%2Fv2%2Fcomments&post=12663"}],"version-history":[{"count":2,"href":"https:\/\/gymnasium-odenkirchen.de\/wordpress\/index.php?rest_route=\/wp\/v2\/posts\/12663\/revisions"}],"predecessor-version":[{"id":12666,"href":"https:\/\/gymnasium-odenkirchen.de\/wordpress\/index.php?rest_route=\/wp\/v2\/posts\/12663\/revisions\/12666"}],"wp:featuredmedia":[{"embeddable":true,"href":"https:\/\/gymnasium-odenkirchen.de\/wordpress\/index.php?rest_route=\/wp\/v2\/media\/9778"}],"wp:attachment":[{"href":"https:\/\/gymnasium-odenkirchen.de\/wordpress\/index.php?rest_route=%2Fwp%2Fv2%2Fmedia&parent=12663"}],"wp:term":[{"taxonomy":"category","embeddable":true,"href":"https:\/\/gymnasium-odenkirchen.de\/wordpress\/index.php?rest_route=%2Fwp%2Fv2%2Fcategories&post=12663"},{"taxonomy":"post_tag","embeddable":true,"href":"https:\/\/gymnasium-odenkirchen.de\/wordpress\/index.php?rest_route=%2Fwp%2Fv2%2Ftags&post=12663"}],"curies":[{"name":"wp","href":"https:\/\/api.w.org\/{rel}","templated":true}]}}