{"id":5065,"date":"2018-11-19T18:51:23","date_gmt":"2018-11-19T16:51:23","guid":{"rendered":"http:\/\/gymnasium-odenkirchen.de\/wordpress\/?p=5065"},"modified":"2018-12-05T09:54:53","modified_gmt":"2018-12-05T07:54:53","slug":"bericht-zum-volkstrauertag","status":"publish","type":"post","link":"https:\/\/gymnasium-odenkirchen.de\/wordpress\/?p=5065","title":{"rendered":"Bericht zum Volkstrauertag"},"content":{"rendered":"<p>Frau N\u00fcbel und Alexander Gedden (Q2) sprachen bei der Gedenkfeier des Heimatvereins Odenkirchen. Ein Artikel mit Ausz\u00fcgen aus den Redebeitr\u00e4gen finden Sie beim <a href=\"https:\/\/www.der-lokalbote.de\/index.php?id=44&amp;tx_ttnews%5Btt_news%5D=2018&amp;cHash=a3204d62f8259c3825cacced12db3345\" target=\"_blank\" rel=\"noopener\">Lokalboten<\/a>.<\/p>\n","protected":false},"excerpt":{"rendered":"<p>Frau N\u00fcbel und Alexander Gedden (Q2) sprachen bei der Gedenkfeier des Heimatvereins Odenkirchen. Ein Artikel mit Ausz\u00fcgen aus den Redebeitr\u00e4gen finden Sie beim Lokalboten.<\/p>\n","protected":false},"author":5,"featured_media":5110,"comment_status":"closed","ping_status":"open","sticky":false,"template":"","format":"standard","meta":{"ngg_post_thumbnail":0,"footnotes":""},"categories":[73,1,96,95,79],"tags":[],"class_list":["post-5065","post","type-post","status-publish","format-standard","has-post-thumbnail","hentry","category-2018-19","category-allgemein","category-links","category-lokalbote","category-veranstaltungen"],"_links":{"self":[{"href":"https:\/\/gymnasium-odenkirchen.de\/wordpress\/index.php?rest_route=\/wp\/v2\/posts\/5065","targetHints":{"allow":["GET"]}}],"collection":[{"href":"https:\/\/gymnasium-odenkirchen.de\/wordpress\/index.php?rest_route=\/wp\/v2\/posts"}],"about":[{"href":"https:\/\/gymnasium-odenkirchen.de\/wordpress\/index.php?rest_route=\/wp\/v2\/types\/post"}],"author":[{"embeddable":true,"href":"https:\/\/gymnasium-odenkirchen.de\/wordpress\/index.php?rest_route=\/wp\/v2\/users\/5"}],"replies":[{"embeddable":true,"href":"https:\/\/gymnasium-odenkirchen.de\/wordpress\/index.php?rest_route=%2Fwp%2Fv2%2Fcomments&post=5065"}],"version-history":[{"count":2,"href":"https:\/\/gymnasium-odenkirchen.de\/wordpress\/index.php?rest_route=\/wp\/v2\/posts\/5065\/revisions"}],"predecessor-version":[{"id":5111,"href":"https:\/\/gymnasium-odenkirchen.de\/wordpress\/index.php?rest_route=\/wp\/v2\/posts\/5065\/revisions\/5111"}],"wp:featuredmedia":[{"embeddable":true,"href":"https:\/\/gymnasium-odenkirchen.de\/wordpress\/index.php?rest_route=\/wp\/v2\/media\/5110"}],"wp:attachment":[{"href":"https:\/\/gymnasium-odenkirchen.de\/wordpress\/index.php?rest_route=%2Fwp%2Fv2%2Fmedia&parent=5065"}],"wp:term":[{"taxonomy":"category","embeddable":true,"href":"https:\/\/gymnasium-odenkirchen.de\/wordpress\/index.php?rest_route=%2Fwp%2Fv2%2Fcategories&post=5065"},{"taxonomy":"post_tag","embeddable":true,"href":"https:\/\/gymnasium-odenkirchen.de\/wordpress\/index.php?rest_route=%2Fwp%2Fv2%2Ftags&post=5065"}],"curies":[{"name":"wp","href":"https:\/\/api.w.org\/{rel}","templated":true}]}}