{"id":5070,"date":"2018-11-23T16:27:49","date_gmt":"2018-11-23T14:27:49","guid":{"rendered":"http:\/\/gymnasium-odenkirchen.de\/wordpress\/?p=5070"},"modified":"2018-12-20T21:30:24","modified_gmt":"2018-12-20T19:30:24","slug":"einladung-zum-engelkonzert","status":"publish","type":"post","link":"https:\/\/gymnasium-odenkirchen.de\/wordpress\/?p=5070","title":{"rendered":"Einladung zum Engelkonzert"},"content":{"rendered":"<div>Herzliche Einladung zu unserem diesj\u00e4hrigen Weihnachtskonzert am Mittwoch, d.19.12.2018<\/div>\n<div>um 19.00 Uhr in unserer Aula. Unter dem Motto &#8220; Engel&#8220; erwarten Sie und euch heitere und<\/div>\n<div>nachdenkliche Gedanken,Gedichte und Geschichten sowie Musik, die uns ein wenig auf das<\/div>\n<div>bevorstehende Weihnachtsfest einstimmen soll. Gestaltet wird der Abend von Sch\u00fclern und<\/div>\n<div>Sch\u00fclerinnen der Klassen 5 und 6, dem ELSCH-CHor, dem Kammermusikensemble,<\/div>\n<div>Solisten sowie dem Leistungskurs Deutsch der Q1. \u00dcber zahlreiche Zuh\u00f6rer w\u00fcrden wir uns<\/div>\n<div>freuen.&nbsp;&nbsp;Der Eintritt ist frei.<\/div>\n","protected":false},"excerpt":{"rendered":"<p>Herzliche Einladung zu unserem diesj\u00e4hrigen Weihnachtskonzert am Mittwoch, d.19.12.2018 um 19.00 Uhr in unserer Aula. Unter dem Motto &#8220; Engel&#8220; erwarten Sie und euch heitere und nachdenkliche Gedanken,Gedichte und Geschichten sowie Musik, die uns ein wenig auf das bevorstehende Weihnachtsfest einstimmen soll. Gestaltet wird der Abend von Sch\u00fclern und Sch\u00fclerinnen der Klassen 5 und 6, dem ELSCH-CHor, dem Kammermusikensemble, Solisten sowie dem Leistungskurs Deutsch der Q1. \u00dcber zahlreiche Zuh\u00f6rer w\u00fcrden wir uns freuen.&nbsp;&nbsp;Der Eintritt ist frei.<\/p>\n","protected":false},"author":7,"featured_media":5071,"comment_status":"closed","ping_status":"open","sticky":false,"template":"","format":"standard","meta":{"ngg_post_thumbnail":0,"footnotes":""},"categories":[73,1,85,97,79],"tags":[],"class_list":["post-5070","post","type-post","status-publish","format-standard","has-post-thumbnail","hentry","category-2018-19","category-allgemein","category-ankuendigungen_abgelaufen","category-musik","category-veranstaltungen"],"_links":{"self":[{"href":"https:\/\/gymnasium-odenkirchen.de\/wordpress\/index.php?rest_route=\/wp\/v2\/posts\/5070","targetHints":{"allow":["GET"]}}],"collection":[{"href":"https:\/\/gymnasium-odenkirchen.de\/wordpress\/index.php?rest_route=\/wp\/v2\/posts"}],"about":[{"href":"https:\/\/gymnasium-odenkirchen.de\/wordpress\/index.php?rest_route=\/wp\/v2\/types\/post"}],"author":[{"embeddable":true,"href":"https:\/\/gymnasium-odenkirchen.de\/wordpress\/index.php?rest_route=\/wp\/v2\/users\/7"}],"replies":[{"embeddable":true,"href":"https:\/\/gymnasium-odenkirchen.de\/wordpress\/index.php?rest_route=%2Fwp%2Fv2%2Fcomments&post=5070"}],"version-history":[{"count":9,"href":"https:\/\/gymnasium-odenkirchen.de\/wordpress\/index.php?rest_route=\/wp\/v2\/posts\/5070\/revisions"}],"predecessor-version":[{"id":5234,"href":"https:\/\/gymnasium-odenkirchen.de\/wordpress\/index.php?rest_route=\/wp\/v2\/posts\/5070\/revisions\/5234"}],"wp:featuredmedia":[{"embeddable":true,"href":"https:\/\/gymnasium-odenkirchen.de\/wordpress\/index.php?rest_route=\/wp\/v2\/media\/5071"}],"wp:attachment":[{"href":"https:\/\/gymnasium-odenkirchen.de\/wordpress\/index.php?rest_route=%2Fwp%2Fv2%2Fmedia&parent=5070"}],"wp:term":[{"taxonomy":"category","embeddable":true,"href":"https:\/\/gymnasium-odenkirchen.de\/wordpress\/index.php?rest_route=%2Fwp%2Fv2%2Fcategories&post=5070"},{"taxonomy":"post_tag","embeddable":true,"href":"https:\/\/gymnasium-odenkirchen.de\/wordpress\/index.php?rest_route=%2Fwp%2Fv2%2Ftags&post=5070"}],"curies":[{"name":"wp","href":"https:\/\/api.w.org\/{rel}","templated":true}]}}