{"id":5355,"date":"2019-01-10T19:59:54","date_gmt":"2019-01-10T17:59:54","guid":{"rendered":"http:\/\/gymnasium-odenkirchen.de\/wordpress\/?p=5355"},"modified":"2019-01-17T17:15:36","modified_gmt":"2019-01-17T15:15:36","slug":"politik-live-sowi-zusatzkurs-zu-besuch-im-landtag-nordrhein-westfalen","status":"publish","type":"post","link":"https:\/\/gymnasium-odenkirchen.de\/wordpress\/?p=5355","title":{"rendered":"Politik live: SoWi-Zusatzkurs zu Besuch im Landtag Nordrhein-Westfalen"},"content":{"rendered":"<p>Der sogenannte SoWi-Zusatzkurs wird von manchen b\u00f6swillig als &#8222;Strafkurs&#8220; bezeichnet&#8230; Dies liegt daran, dass landesweit alle Q2-Sch\u00fcler*innen, die das Fach Sozialwissenschaften in der Q1 und Q2 nicht offiziell belegt haben, diesen Kurs absolvieren m\u00fcssen, um in grundlegenden sozialwissenschaftlichen Belangen auf das Leben nach der Schule vorbereitet zu sein. Doch von &#8222;Strafe&#8220; kann an diesem Schultag keine Rede sein: Die 31 Kursteilnehmer*innen nahmen an einer interessanten Exkursion zum Landtag NRW am D\u00fcsseldorfer Rheinufer teil.<\/p>\n<p>Zun\u00e4chst stand im Rahmen des offiziellen Besucherprogramms ein deftiges Fr\u00fchst\u00fcck in der Landtagskantine auf dem Programm, bei dem bereits die ein oder andere interessante Beobachtung des nordrhein-westf\u00e4lischen Politikbetriebes gemacht werden konnte.<\/p>\n<p>Gest\u00e4rkt ging es dann in einen multimedial beachtlich ausgestatteten Vorf\u00fchrungsraum, in dem den angehenden Abiturient*innen eine Basislektion in Sachen Landespolitik und Parlament geboten wurde.<\/p>\n<p>Doch damit nicht genug: Nat\u00fcrlich muss man als Landtagsbesucher auch einmal den Plenarsaal live in Augenschein nehmen. Die gelungene Moderation und die zahlreichen Wortbeitr\u00e4ge der Gymnasiast*innen \u00fcber die Arbeitsweise der Abgeordneten setzten ein lebendiges Bild des Politikbetriebes zusammen. Beispielhaft war die Frage, warum man in manchen Fernseh\u00fcbertragungen von Parlamentsdebatten oft nur menschenleere Sitzreihen statt &#8222;ein volles Haus&#8220; sieht? Das, so die Besucherdienstleiterin, liege v.a. daran, dass der Landtag ein arbeitsteiliges Parlament ist, in dem i.d.R. die Abgeordneten ihre Spezialgebiete habe und &#8211; auch wenn sie nicht im Bild zu sehen sind &#8211; z.B. in Aussch\u00fcssen oder Fraktionssitzungen ihrer Arbeit nachgehen. Gut zu wissen!<\/p>\n<p>Im Anschluss begab sich die Gruppe in einen Ausschusssaal und kam mit dem M\u00f6nchengladbacher Abgeordneten Jochen Klenner in einen angeregten Austausch. Thematisch bewegten sich die Beitr\u00e4ge zwischen Fragen zur Vita wie &#8222;Wie sind Sie eigentlich in die Politik gekommen?&#8220; \u00fcber klassische landespolitische Themen &#8211; v.a. zur Bildungspolitik &#8211; bis hin zu Au\u00dfenpolitischem wie &#8222;Was halten Sie als Politiker von Donald Trump?&#8220;.<\/p>\n<p>Zu sehen, wo, wie und von wem die Politik gemacht wird, die ma\u00dfgeblich unser aller Leben mitbestimmt, war &#8211; da waren sich alle einig &#8211; eine Erfahrung, die man nicht missen m\u00f6chte.<\/p>\n<p style=\"text-align: right;\">(J. H\u00e4ke)<\/p>\nngg_shortcode_0_placeholder\n","protected":false},"excerpt":{"rendered":"<p>Der sogenannte SoWi-Zusatzkurs wird von manchen b\u00f6swillig als &#8222;Strafkurs&#8220; bezeichnet&#8230; Dies liegt daran, dass landesweit alle Q2-Sch\u00fcler*innen, die das Fach Sozialwissenschaften in der Q1 und Q2 nicht offiziell belegt haben, diesen Kurs absolvieren m\u00fcssen, um in grundlegenden sozialwissenschaftlichen Belangen auf das Leben nach der Schule vorbereitet zu sein. Doch von &#8222;Strafe&#8220; kann an diesem Schultag keine Rede sein: Die 31 Kursteilnehmer*innen nahmen an einer interessanten Exkursion zum Landtag NRW am D\u00fcsseldorfer Rheinufer teil. Zun\u00e4chst stand im Rahmen des offiziellen Besucherprogramms ein deftiges Fr\u00fchst\u00fcck in der Landtagskantine auf dem Programm, bei dem bereits die ein oder andere interessante Beobachtung des nordrhein-westf\u00e4lischen [&hellip;]<\/p>\n","protected":false},"author":5,"featured_media":5356,"comment_status":"closed","ping_status":"open","sticky":false,"template":"","format":"standard","meta":{"ngg_post_thumbnail":0,"footnotes":""},"categories":[73,98],"tags":[],"class_list":["post-5355","post","type-post","status-publish","format-standard","has-post-thumbnail","hentry","category-2018-19","category-ausfluege"],"_links":{"self":[{"href":"https:\/\/gymnasium-odenkirchen.de\/wordpress\/index.php?rest_route=\/wp\/v2\/posts\/5355","targetHints":{"allow":["GET"]}}],"collection":[{"href":"https:\/\/gymnasium-odenkirchen.de\/wordpress\/index.php?rest_route=\/wp\/v2\/posts"}],"about":[{"href":"https:\/\/gymnasium-odenkirchen.de\/wordpress\/index.php?rest_route=\/wp\/v2\/types\/post"}],"author":[{"embeddable":true,"href":"https:\/\/gymnasium-odenkirchen.de\/wordpress\/index.php?rest_route=\/wp\/v2\/users\/5"}],"replies":[{"embeddable":true,"href":"https:\/\/gymnasium-odenkirchen.de\/wordpress\/index.php?rest_route=%2Fwp%2Fv2%2Fcomments&post=5355"}],"version-history":[{"count":4,"href":"https:\/\/gymnasium-odenkirchen.de\/wordpress\/index.php?rest_route=\/wp\/v2\/posts\/5355\/revisions"}],"predecessor-version":[{"id":5389,"href":"https:\/\/gymnasium-odenkirchen.de\/wordpress\/index.php?rest_route=\/wp\/v2\/posts\/5355\/revisions\/5389"}],"wp:featuredmedia":[{"embeddable":true,"href":"https:\/\/gymnasium-odenkirchen.de\/wordpress\/index.php?rest_route=\/wp\/v2\/media\/5356"}],"wp:attachment":[{"href":"https:\/\/gymnasium-odenkirchen.de\/wordpress\/index.php?rest_route=%2Fwp%2Fv2%2Fmedia&parent=5355"}],"wp:term":[{"taxonomy":"category","embeddable":true,"href":"https:\/\/gymnasium-odenkirchen.de\/wordpress\/index.php?rest_route=%2Fwp%2Fv2%2Fcategories&post=5355"},{"taxonomy":"post_tag","embeddable":true,"href":"https:\/\/gymnasium-odenkirchen.de\/wordpress\/index.php?rest_route=%2Fwp%2Fv2%2Ftags&post=5355"}],"curies":[{"name":"wp","href":"https:\/\/api.w.org\/{rel}","templated":true}]}}