{"id":5743,"date":"2019-04-01T17:25:03","date_gmt":"2019-04-01T15:25:03","guid":{"rendered":"http:\/\/gymnasium-odenkirchen.de\/wordpress\/?p=5743"},"modified":"2019-04-07T08:56:17","modified_gmt":"2019-04-07T06:56:17","slug":"zeitzeugenbesuch-am-gymod","status":"publish","type":"post","link":"https:\/\/gymnasium-odenkirchen.de\/wordpress\/?p=5743","title":{"rendered":"Zeitzeugenbesuch am GymOd"},"content":{"rendered":"<p><span style=\"font-weight: 400;\">Das Auschwitz-Projekt des GymOd <a href=\"http:\/\/www.denktag.de\/vergangenheitdienichtvergeht\/\">\u201eVergangenheit, die nicht vergeht\u201c<\/a> wurde im Januar in Berlin von der Konrad-Adenauer-Stiftung mit dem vierten Preis ausgezeichnet. Mithilfe des Gewinns wird jetzt ein ganz besonderer Zeitzeugenbesuch an unserer Schule erm\u00f6glicht: <\/span><\/p>\n<p><span style=\"font-weight: 400;\">Am kommenden <strong>Donnerstag, den 4. April 2019<\/strong>, besucht der Journalist und Buchautor Niklas Frank unsere Schule. Er wird als Zeitzeuge und Buchautor in der 3. und 4. Stunde eine Lesung mit anschlie\u00dfender Diskussion f\u00fcr die Jahrgangsstufe Q2 und die Gewinner-Projektgruppe aus dem letzten Jahr abhalten.<\/span><\/p>\n<p><span style=\"font-weight: 400;\">Niklas Frank ist der Sohn von Hans Frank, der zwischen 1939 und 1945 Generalgouverneur im von Deutschland besetzten Polen war und als \u201eSchl\u00e4chter von Polen\u201c bekannt wurde. Im N\u00fcrnberger Prozess wurde er 1946 zum Tode verurteilt. Niklas Frank ist heute 80 Jahre alt und hat in den letzten Jahrzehnten mehrere B\u00fccher geschrieben, in denen er mit seiner Familie abrechnet. Damit ist Niklas Frank einer der wenigen Nachfahren der NS-T\u00e4ter, die nach 1945 \u00f6ffentlich mit ihrer Familie gebrochen haben.<\/span><\/p>\n<p style=\"text-align: right;\">(K. Laule)<\/p>\n","protected":false},"excerpt":{"rendered":"<p>Das Auschwitz-Projekt des GymOd \u201eVergangenheit, die nicht vergeht\u201c wurde im Januar in Berlin von der Konrad-Adenauer-Stiftung mit dem vierten Preis ausgezeichnet. Mithilfe des Gewinns wird jetzt ein ganz besonderer Zeitzeugenbesuch an unserer Schule erm\u00f6glicht: Am kommenden Donnerstag, den 4. April 2019, besucht der Journalist und Buchautor Niklas Frank unsere Schule. Er wird als Zeitzeuge und Buchautor in der 3. und 4. Stunde eine Lesung mit anschlie\u00dfender Diskussion f\u00fcr die Jahrgangsstufe Q2 und die Gewinner-Projektgruppe aus dem letzten Jahr abhalten. Niklas Frank ist der Sohn von Hans Frank, der zwischen 1939 und 1945 Generalgouverneur im von Deutschland besetzten Polen war und [&hellip;]<\/p>\n","protected":false},"author":5,"featured_media":4275,"comment_status":"closed","ping_status":"open","sticky":false,"template":"","format":"standard","meta":{"ngg_post_thumbnail":0,"footnotes":""},"categories":[73,85,102,81,79],"tags":[],"class_list":["post-5743","post","type-post","status-publish","format-standard","has-post-thumbnail","hentry","category-2018-19","category-ankuendigungen_abgelaufen","category-auschwitz","category-projekte","category-veranstaltungen"],"_links":{"self":[{"href":"https:\/\/gymnasium-odenkirchen.de\/wordpress\/index.php?rest_route=\/wp\/v2\/posts\/5743","targetHints":{"allow":["GET"]}}],"collection":[{"href":"https:\/\/gymnasium-odenkirchen.de\/wordpress\/index.php?rest_route=\/wp\/v2\/posts"}],"about":[{"href":"https:\/\/gymnasium-odenkirchen.de\/wordpress\/index.php?rest_route=\/wp\/v2\/types\/post"}],"author":[{"embeddable":true,"href":"https:\/\/gymnasium-odenkirchen.de\/wordpress\/index.php?rest_route=\/wp\/v2\/users\/5"}],"replies":[{"embeddable":true,"href":"https:\/\/gymnasium-odenkirchen.de\/wordpress\/index.php?rest_route=%2Fwp%2Fv2%2Fcomments&post=5743"}],"version-history":[{"count":1,"href":"https:\/\/gymnasium-odenkirchen.de\/wordpress\/index.php?rest_route=\/wp\/v2\/posts\/5743\/revisions"}],"predecessor-version":[{"id":5744,"href":"https:\/\/gymnasium-odenkirchen.de\/wordpress\/index.php?rest_route=\/wp\/v2\/posts\/5743\/revisions\/5744"}],"wp:featuredmedia":[{"embeddable":true,"href":"https:\/\/gymnasium-odenkirchen.de\/wordpress\/index.php?rest_route=\/wp\/v2\/media\/4275"}],"wp:attachment":[{"href":"https:\/\/gymnasium-odenkirchen.de\/wordpress\/index.php?rest_route=%2Fwp%2Fv2%2Fmedia&parent=5743"}],"wp:term":[{"taxonomy":"category","embeddable":true,"href":"https:\/\/gymnasium-odenkirchen.de\/wordpress\/index.php?rest_route=%2Fwp%2Fv2%2Fcategories&post=5743"},{"taxonomy":"post_tag","embeddable":true,"href":"https:\/\/gymnasium-odenkirchen.de\/wordpress\/index.php?rest_route=%2Fwp%2Fv2%2Ftags&post=5743"}],"curies":[{"name":"wp","href":"https:\/\/api.w.org\/{rel}","templated":true}]}}