{"id":5755,"date":"2019-04-07T08:53:47","date_gmt":"2019-04-07T06:53:47","guid":{"rendered":"http:\/\/gymnasium-odenkirchen.de\/wordpress\/?p=5755"},"modified":"2019-04-07T08:59:58","modified_gmt":"2019-04-07T06:59:58","slug":"wir-sind-fuer-die-wahrheit-hier-niklas-frank-in-der-aula-des-gymnasiums-odenkirchen","status":"publish","type":"post","link":"https:\/\/gymnasium-odenkirchen.de\/wordpress\/?p=5755","title":{"rendered":"\u201eWir sind f\u00fcr die Wahrheit hier\u201c \u2013Niklas Frank in der Aula des Gymnasiums Odenkirchen"},"content":{"rendered":"<p>Am Donnerstag, den 4. April 2019, konnten wir in der Aula des Gymnasiums Odenkirchen einen ganz besonderen Gast begr\u00fc\u00dfen: Der Journalist und Buchautor Niklas Frank hielt als Zeitzeuge und Buchautor in der 3. und 4. Stunde eine Lesung mit anschlie\u00dfender Diskussion f\u00fcr die Jahrgangsstufe Q2. Erm\u00f6glicht wurde der Besuch von Niklas Frank durch die Auszeichnung der Konrad-Adenauer-Stiftung, die das <a href=\"http:\/\/www.denktag.de\/vergangenheitdienichtvergeht\/\">Auschwitz-Projekt des GymOd \u201eVergangenheit, die nicht vergeht\u201c<\/a> im Januar erhalten hatte. Durch die Pr\u00e4mierung mit dem vierten Preis konnte die Veranstaltung finanziert werden. Deshalb haben wir uns nat\u00fcrlich besonders gefreut, dass auch f\u00fcnf ehemalige Sch\u00fclerinnen und Sch\u00fcler aus der Gewinner-Projektgruppe ihren Weg in die erste Reihe der Aula gefunden hatten.<\/p>\n<p>Niklas Frank, geboren 1939, ist der Sohn von Hans Frank, der zwischen 1939 und 1945 Generalgouverneur im von Deutschland besetzten Polen war und als \u201eSchl\u00e4chter von Polen\u201c bekannt wurde. Im N\u00fcrnberger Prozess wurde er 1946 zum Tode verurteilt und hingerichtet. Sein Sohn Niklas Frank hat in den letzten Jahrzehnten mehrere B\u00fccher geschrieben, in denen er mit seiner Familie und seiner Vergangenheit abrechnet. Erg\u00e4nzt durch kurze Erl\u00e4uterungen las Niklas Frank einige eindrucksvolle Passagen aus seinem 1987 erschienenen Buch \u201eDer Vater. Eine Abrechnung\u201c, welches als Anklageschrift an seinen Vater verfasst ist, und nahm sein Publikum mit auf eine sehr pers\u00f6nliche Reise in die Familiengeschichte: Haft und Hinrichtung des Vaters in N\u00fcrnberg. Der Aufstieg des schwachen Vaters, von den Ambitionen der Mutter angetrieben, die es in ihrem Leben zu etwas bringen wollte. Erinnerungen an einen Ausflug mit Mutter und Kinderfrau ins Krakauer Ghetto und in das Au\u00dfenlager eines Konzentrationslagers. Die fr\u00fche Kindheit auf dem Wawel, der Residenz der polnischen K\u00f6nige in Krakau, in der sich Vater und Mutter als \u201eBurgherr\u201c und \u201eK\u00f6nigin\u201c inszenierten. Bilder, die sich Niklas Frank eingepr\u00e4gt haben und die ihn bis heute nicht loslassen.<\/p>\n<p>Nach jahrelangen akribischen Recherchen, Gespr\u00e4chen mit Zeitzeugen und erg\u00e4nzt durch eigene Erinnerungen verfasste Niklas Frank ein Buch voller Zorn, Anklage und Ekel, bei genauem Hinsehen durchzogen mit feiner Ironie und bitterschwarzem Humor. Aufrecht sitzend an seinem Tisch auf der Aulab\u00fchne blickte er mit wachen Augen auf sein Publikum, das gebannt zuh\u00f6rte, als er zum Schluss einen der letzten Briefe seines Vaters an seinen \u00e4lteren Bruder Norman vorlas. In der anschlie\u00dfenden Diskussion beantwortete er die zahlreichen Fragen aus dem Publikum beeindruckend offen, ausf\u00fchrlich und sehr pers\u00f6nlich. Er erl\u00e4uterte seine Gr\u00fcnde f\u00fcr die offene Abwendung von seinen Eltern, das Verh\u00e4ltnis zu seinen Geschwistern, berichtete von Anfeindungen als Reaktion auf seine Ver\u00f6ffentlichungen und nahm ebenso Stellung zu aktuellen politischen Entwicklungen in Deutschland.<\/p>\n<p>Seine B\u00fccher seien keine Verarbeitung f\u00fcr ihn, erkl\u00e4rte Niklas Frank seinen Zuh\u00f6rerinnen und Zuh\u00f6rern, er m\u00fcsse mit der Wahrheit, mit seinem Vater und mit zw\u00f6lf Jahren NS-Diktatur leben. Dass diese Wahrheit ihn jedoch keineswegs zu einem verbitterten und verschlossenen Menschen gemacht hat, war f\u00fcr sein Publikum heute deutlich erkennbar. \u201eMein Vater hat mir mein Leben nicht versaut\u201c, res\u00fcmierte Niklas Frank am Schluss der Gespr\u00e4chsrunde, \u201eich habe ein gl\u00fcckliches Leben gehabt.\u201c<\/p>\n<p><a href=\"https:\/\/rp-online.de\/nrw\/staedte\/moenchengladbach\/moenchengladbach-sohn-spricht-ueber-ns-verbrecher-hans-frank_aid-37899735\" target=\"_blank\" rel=\"noopener noreferrer\">Auch die RP berichtete \u00fcber diesen eindrucksvolle Besuch.<\/a><\/p>\n<p style=\"text-align: right;\">(K. Laule)<\/p>\n","protected":false},"excerpt":{"rendered":"<p>Am Donnerstag, den 4. April 2019, konnten wir in der Aula des Gymnasiums Odenkirchen einen ganz besonderen Gast begr\u00fc\u00dfen: Der Journalist und Buchautor Niklas Frank hielt als Zeitzeuge und Buchautor in der 3. und 4. Stunde eine Lesung mit anschlie\u00dfender Diskussion f\u00fcr die Jahrgangsstufe Q2. Erm\u00f6glicht wurde der Besuch von Niklas Frank durch die Auszeichnung der Konrad-Adenauer-Stiftung, die das Auschwitz-Projekt des GymOd \u201eVergangenheit, die nicht vergeht\u201c im Januar erhalten hatte. Durch die Pr\u00e4mierung mit dem vierten Preis konnte die Veranstaltung finanziert werden. Deshalb haben wir uns nat\u00fcrlich besonders gefreut, dass auch f\u00fcnf ehemalige Sch\u00fclerinnen und Sch\u00fcler aus der Gewinner-Projektgruppe ihren [&hellip;]<\/p>\n","protected":false},"author":5,"featured_media":5756,"comment_status":"closed","ping_status":"open","sticky":false,"template":"","format":"standard","meta":{"ngg_post_thumbnail":0,"footnotes":""},"categories":[73,102,81,79],"tags":[],"class_list":["post-5755","post","type-post","status-publish","format-standard","has-post-thumbnail","hentry","category-2018-19","category-auschwitz","category-projekte","category-veranstaltungen"],"_links":{"self":[{"href":"https:\/\/gymnasium-odenkirchen.de\/wordpress\/index.php?rest_route=\/wp\/v2\/posts\/5755","targetHints":{"allow":["GET"]}}],"collection":[{"href":"https:\/\/gymnasium-odenkirchen.de\/wordpress\/index.php?rest_route=\/wp\/v2\/posts"}],"about":[{"href":"https:\/\/gymnasium-odenkirchen.de\/wordpress\/index.php?rest_route=\/wp\/v2\/types\/post"}],"author":[{"embeddable":true,"href":"https:\/\/gymnasium-odenkirchen.de\/wordpress\/index.php?rest_route=\/wp\/v2\/users\/5"}],"replies":[{"embeddable":true,"href":"https:\/\/gymnasium-odenkirchen.de\/wordpress\/index.php?rest_route=%2Fwp%2Fv2%2Fcomments&post=5755"}],"version-history":[{"count":2,"href":"https:\/\/gymnasium-odenkirchen.de\/wordpress\/index.php?rest_route=\/wp\/v2\/posts\/5755\/revisions"}],"predecessor-version":[{"id":5762,"href":"https:\/\/gymnasium-odenkirchen.de\/wordpress\/index.php?rest_route=\/wp\/v2\/posts\/5755\/revisions\/5762"}],"wp:featuredmedia":[{"embeddable":true,"href":"https:\/\/gymnasium-odenkirchen.de\/wordpress\/index.php?rest_route=\/wp\/v2\/media\/5756"}],"wp:attachment":[{"href":"https:\/\/gymnasium-odenkirchen.de\/wordpress\/index.php?rest_route=%2Fwp%2Fv2%2Fmedia&parent=5755"}],"wp:term":[{"taxonomy":"category","embeddable":true,"href":"https:\/\/gymnasium-odenkirchen.de\/wordpress\/index.php?rest_route=%2Fwp%2Fv2%2Fcategories&post=5755"},{"taxonomy":"post_tag","embeddable":true,"href":"https:\/\/gymnasium-odenkirchen.de\/wordpress\/index.php?rest_route=%2Fwp%2Fv2%2Ftags&post=5755"}],"curies":[{"name":"wp","href":"https:\/\/api.w.org\/{rel}","templated":true}]}}