{"id":6565,"date":"2019-11-09T05:47:27","date_gmt":"2019-11-09T03:47:27","guid":{"rendered":"http:\/\/gymnasium-odenkirchen.de\/wordpress\/?p=6565"},"modified":"2019-11-09T05:47:27","modified_gmt":"2019-11-09T03:47:27","slug":"informationsflyer-fuer-den-tag-der-offenen-tuer","status":"publish","type":"post","link":"https:\/\/gymnasium-odenkirchen.de\/wordpress\/?p=6565","title":{"rendered":"Informationsflyer f\u00fcr den Tag der offenen T\u00fcr"},"content":{"rendered":"<p>Den Flyer mit den Programmpunkten des heutigen Tages der offenen T\u00fcr finden Sie <a href=\"http:\/\/gymnasium-odenkirchen.de\/wordpress\/wp-content\/uploads\/2019\/11\/TdoT_Flyer_2019.pdf\">hier zum Download<\/a>.&nbsp;<\/p>\n","protected":false},"excerpt":{"rendered":"<p>Den Flyer mit den Programmpunkten des heutigen Tages der offenen T\u00fcr finden Sie hier zum Download.&nbsp;<\/p>\n","protected":false},"author":5,"featured_media":4275,"comment_status":"closed","ping_status":"open","sticky":false,"template":"","format":"standard","meta":{"ngg_post_thumbnail":0,"footnotes":""},"categories":[110,69,116,79],"tags":[],"class_list":["post-6565","post","type-post","status-publish","format-standard","has-post-thumbnail","hentry","category-2019-20","category-informationen-der-schulleitung","category-tag-der-offenen-tuer","category-veranstaltungen"],"_links":{"self":[{"href":"https:\/\/gymnasium-odenkirchen.de\/wordpress\/index.php?rest_route=\/wp\/v2\/posts\/6565","targetHints":{"allow":["GET"]}}],"collection":[{"href":"https:\/\/gymnasium-odenkirchen.de\/wordpress\/index.php?rest_route=\/wp\/v2\/posts"}],"about":[{"href":"https:\/\/gymnasium-odenkirchen.de\/wordpress\/index.php?rest_route=\/wp\/v2\/types\/post"}],"author":[{"embeddable":true,"href":"https:\/\/gymnasium-odenkirchen.de\/wordpress\/index.php?rest_route=\/wp\/v2\/users\/5"}],"replies":[{"embeddable":true,"href":"https:\/\/gymnasium-odenkirchen.de\/wordpress\/index.php?rest_route=%2Fwp%2Fv2%2Fcomments&post=6565"}],"version-history":[{"count":1,"href":"https:\/\/gymnasium-odenkirchen.de\/wordpress\/index.php?rest_route=\/wp\/v2\/posts\/6565\/revisions"}],"predecessor-version":[{"id":6567,"href":"https:\/\/gymnasium-odenkirchen.de\/wordpress\/index.php?rest_route=\/wp\/v2\/posts\/6565\/revisions\/6567"}],"wp:featuredmedia":[{"embeddable":true,"href":"https:\/\/gymnasium-odenkirchen.de\/wordpress\/index.php?rest_route=\/wp\/v2\/media\/4275"}],"wp:attachment":[{"href":"https:\/\/gymnasium-odenkirchen.de\/wordpress\/index.php?rest_route=%2Fwp%2Fv2%2Fmedia&parent=6565"}],"wp:term":[{"taxonomy":"category","embeddable":true,"href":"https:\/\/gymnasium-odenkirchen.de\/wordpress\/index.php?rest_route=%2Fwp%2Fv2%2Fcategories&post=6565"},{"taxonomy":"post_tag","embeddable":true,"href":"https:\/\/gymnasium-odenkirchen.de\/wordpress\/index.php?rest_route=%2Fwp%2Fv2%2Ftags&post=6565"}],"curies":[{"name":"wp","href":"https:\/\/api.w.org\/{rel}","templated":true}]}}