{"id":6603,"date":"2019-11-18T18:08:49","date_gmt":"2019-11-18T16:08:49","guid":{"rendered":"http:\/\/gymnasium-odenkirchen.de\/wordpress\/?p=6603"},"modified":"2019-11-27T12:06:08","modified_gmt":"2019-11-27T10:06:08","slug":"rueckschau-schulfest-4-tierpark-projekte-baum-rallye-schilder-kraeutergarten","status":"publish","type":"post","link":"https:\/\/gymnasium-odenkirchen.de\/wordpress\/?p=6603","title":{"rendered":"R\u00fcckschau Schulfest #4: Tierpark-Projekte Baum-Rallye\/-Schilder &#038; Kr\u00e4utergarten"},"content":{"rendered":"<p><img loading=\"lazy\" decoding=\"async\" class=\"wp-image-6605 alignleft\" src=\"http:\/\/gymnasium-odenkirchen.de\/wordpress\/wp-content\/uploads\/2019\/11\/DSC_2160-scaled.jpg\" alt=\"\" width=\"268\" height=\"478\"><\/p>\n<p>Der Tiergarten M\u00f6nchengladbach d\u00fcrfte nahezu jedermann im Raum M\u00f6nchengladbach, der Kinder hat oder selber mal eines war, bekannt sein. L\u00e4dt der sympathische Kleinzoo doch jedes Jahr viele tausend Besucherinnen und Besucher ein, die heimische Fauna und einige Exoten im Tierreich hautnah zu erleben.<\/p>\n<p>Den Tierpark, der in unmittelbarer Nachbarschaft zum Gymnasium Odenkirchen befindet, mehr mit der Schule zu vernetzen, war die Ausgangsidee f\u00fcr die beiden Projekte, die in der diesj\u00e4hrigen Projektwoche umgesetzt wurden. Ein Nachbarschaftsprojekt gewisserma\u00dfen! Und so brauchte es nicht viel, Frau Dr. Ernst, die Leiterin des Tierparks, von der Zusammenarbeit zu \u00fcberzeugen:<\/p>\n<p>Beim ersten Projekt entwarfen die Sch\u00fclerinnen und -sch\u00fcler f\u00fcr die vielen B\u00e4ume, die zum Tiergarten geh\u00f6ren und ihm erst den idyllischen Park-Charakter verleihen, Informationsschilder. Vorher mussten die B\u00e4ume nat\u00fcrlich erst entdeckt und fachkundlich bestimmt werden. Erst danach konnten f\u00fcr insgesamt 14 Baumarten die passenden Informationsschilder (wie z.B. f\u00fcr die Wei\u00dfbirke oder die Gew\u00f6hnliche Esche) erstellt werden. Vorzugsweise mit Draht und Kabelbindern befestigt tragen die Schilder fortan dazu bei, dass die Zoobesucherinnen und -besucher etwas \u00fcber die umgebende Natur lernen k\u00f6nnen. Einerseits ein nachhaltiger Beitrag zu \u00f6kologischen Bildung, andererseits das Thema f\u00fcr die \u201cBaum-Rallye\u201d, an der die Schulfestbesucherinnen und -besucher teilnehmen konnten.<\/p>\n<p>Au\u00dferdem wurde von den Sch\u00fclerinnen und Sch\u00fclern ein Kr\u00e4utergarten angelegt: Zun\u00e4chst musste daf\u00fcr das zentral im Park gelegene Fleckchen Erde urbar gemacht und von Unkr\u00e4utern befreit werden. Danach wurden die liebevoll von der Biologielehrerin Frau Lennartz gez\u00fcchteten Pflanzen und Samen in die Erde gebracht. Komplettiert mit eigens kreierten Informationsschildchen ist auch dieses Ergebnis der ersten Kooperation des GO mit dem Tierpark dauerhaft f\u00fcr die Besucherinnen und Besucher sichtbar. Probieren ist dabei ausdr\u00fccklich erlaubt!<\/p>\n<p>Da die Zusammenarbeit so gut funktioniert hat, hoffen beide Seite \u2013 das Gymnasium Odenkirchen und der Tiergarten M\u00f6nchengladbach \u2013, dass die Zusammenarbeit in Zukunft intensiviert und ausgebaut werden kann.<\/p>\n<p><img loading=\"lazy\" decoding=\"async\" class=\"alignleft wp-image-6607\" src=\"http:\/\/gymnasium-odenkirchen.de\/wordpress\/wp-content\/uploads\/2019\/11\/DSC_2169-scaled.jpg\" alt=\"\" width=\"1272\" height=\"715\" srcset=\"https:\/\/gymnasium-odenkirchen.de\/wordpress\/wp-content\/uploads\/2019\/11\/DSC_2169-scaled.jpg 2560w, https:\/\/gymnasium-odenkirchen.de\/wordpress\/wp-content\/uploads\/2019\/11\/DSC_2169-300x169.jpg 300w, https:\/\/gymnasium-odenkirchen.de\/wordpress\/wp-content\/uploads\/2019\/11\/DSC_2169-1024x576.jpg 1024w, https:\/\/gymnasium-odenkirchen.de\/wordpress\/wp-content\/uploads\/2019\/11\/DSC_2169-768x432.jpg 768w, https:\/\/gymnasium-odenkirchen.de\/wordpress\/wp-content\/uploads\/2019\/11\/DSC_2169-1536x864.jpg 1536w, https:\/\/gymnasium-odenkirchen.de\/wordpress\/wp-content\/uploads\/2019\/11\/DSC_2169-2048x1152.jpg 2048w, https:\/\/gymnasium-odenkirchen.de\/wordpress\/wp-content\/uploads\/2019\/11\/DSC_2169-450x253.jpg 450w\" sizes=\"auto, (max-width: 1272px) 100vw, 1272px\" \/><\/p>\n<p><img loading=\"lazy\" decoding=\"async\" class=\"alignleft wp-image-6609\" src=\"http:\/\/gymnasium-odenkirchen.de\/wordpress\/wp-content\/uploads\/2019\/11\/DSC_2177-scaled.jpg\" alt=\"\" width=\"1270\" height=\"713\" srcset=\"https:\/\/gymnasium-odenkirchen.de\/wordpress\/wp-content\/uploads\/2019\/11\/DSC_2177-scaled.jpg 2560w, https:\/\/gymnasium-odenkirchen.de\/wordpress\/wp-content\/uploads\/2019\/11\/DSC_2177-300x169.jpg 300w, https:\/\/gymnasium-odenkirchen.de\/wordpress\/wp-content\/uploads\/2019\/11\/DSC_2177-1024x576.jpg 1024w, https:\/\/gymnasium-odenkirchen.de\/wordpress\/wp-content\/uploads\/2019\/11\/DSC_2177-768x432.jpg 768w, https:\/\/gymnasium-odenkirchen.de\/wordpress\/wp-content\/uploads\/2019\/11\/DSC_2177-1536x864.jpg 1536w, https:\/\/gymnasium-odenkirchen.de\/wordpress\/wp-content\/uploads\/2019\/11\/DSC_2177-2048x1152.jpg 2048w, https:\/\/gymnasium-odenkirchen.de\/wordpress\/wp-content\/uploads\/2019\/11\/DSC_2177-450x253.jpg 450w\" sizes=\"auto, (max-width: 1270px) 100vw, 1270px\" \/><\/p>\n","protected":false},"excerpt":{"rendered":"<p>Der Tiergarten M\u00f6nchengladbach d\u00fcrfte nahezu jedermann im Raum M\u00f6nchengladbach, der Kinder hat oder selber mal eines war, bekannt sein. L\u00e4dt der sympathische Kleinzoo doch jedes Jahr viele tausend Besucherinnen und Besucher ein, die heimische Fauna und einige Exoten im Tierreich hautnah zu erleben. Den Tierpark, der in unmittelbarer Nachbarschaft zum Gymnasium Odenkirchen befindet, mehr mit der Schule zu vernetzen, war die Ausgangsidee f\u00fcr die beiden Projekte, die in der diesj\u00e4hrigen Projektwoche umgesetzt wurden. Ein Nachbarschaftsprojekt gewisserma\u00dfen! Und so brauchte es nicht viel, Frau Dr. Ernst, die Leiterin des Tierparks, von der Zusammenarbeit zu \u00fcberzeugen: Beim ersten Projekt entwarfen die Sch\u00fclerinnen [&hellip;]<\/p>\n","protected":false},"author":5,"featured_media":6608,"comment_status":"closed","ping_status":"open","sticky":false,"template":"","format":"standard","meta":{"ngg_post_thumbnail":0,"footnotes":""},"categories":[110,113,116],"tags":[],"class_list":["post-6603","post","type-post","status-publish","format-standard","has-post-thumbnail","hentry","category-2019-20","category-projekttage","category-tag-der-offenen-tuer"],"_links":{"self":[{"href":"https:\/\/gymnasium-odenkirchen.de\/wordpress\/index.php?rest_route=\/wp\/v2\/posts\/6603","targetHints":{"allow":["GET"]}}],"collection":[{"href":"https:\/\/gymnasium-odenkirchen.de\/wordpress\/index.php?rest_route=\/wp\/v2\/posts"}],"about":[{"href":"https:\/\/gymnasium-odenkirchen.de\/wordpress\/index.php?rest_route=\/wp\/v2\/types\/post"}],"author":[{"embeddable":true,"href":"https:\/\/gymnasium-odenkirchen.de\/wordpress\/index.php?rest_route=\/wp\/v2\/users\/5"}],"replies":[{"embeddable":true,"href":"https:\/\/gymnasium-odenkirchen.de\/wordpress\/index.php?rest_route=%2Fwp%2Fv2%2Fcomments&post=6603"}],"version-history":[{"count":2,"href":"https:\/\/gymnasium-odenkirchen.de\/wordpress\/index.php?rest_route=\/wp\/v2\/posts\/6603\/revisions"}],"predecessor-version":[{"id":6681,"href":"https:\/\/gymnasium-odenkirchen.de\/wordpress\/index.php?rest_route=\/wp\/v2\/posts\/6603\/revisions\/6681"}],"wp:featuredmedia":[{"embeddable":true,"href":"https:\/\/gymnasium-odenkirchen.de\/wordpress\/index.php?rest_route=\/wp\/v2\/media\/6608"}],"wp:attachment":[{"href":"https:\/\/gymnasium-odenkirchen.de\/wordpress\/index.php?rest_route=%2Fwp%2Fv2%2Fmedia&parent=6603"}],"wp:term":[{"taxonomy":"category","embeddable":true,"href":"https:\/\/gymnasium-odenkirchen.de\/wordpress\/index.php?rest_route=%2Fwp%2Fv2%2Fcategories&post=6603"},{"taxonomy":"post_tag","embeddable":true,"href":"https:\/\/gymnasium-odenkirchen.de\/wordpress\/index.php?rest_route=%2Fwp%2Fv2%2Ftags&post=6603"}],"curies":[{"name":"wp","href":"https:\/\/api.w.org\/{rel}","templated":true}]}}