{"id":6938,"date":"2020-02-04T15:59:10","date_gmt":"2020-02-04T13:59:10","guid":{"rendered":"https:\/\/gymnasium-odenkirchen.de\/wordpress\/?p=6938"},"modified":"2020-02-04T15:59:10","modified_gmt":"2020-02-04T13:59:10","slug":"auf-dem-weg-zur-fairtrade-school-erstes-schulteam-treffen-der-schuelerfirma-fairok-2020","status":"publish","type":"post","link":"https:\/\/gymnasium-odenkirchen.de\/wordpress\/?p=6938","title":{"rendered":"Auf dem Weg zur Fairtrade-School &#8211; erstes Schulteam-Treffen der Sch\u00fclerfirma Fair:OK! 2020"},"content":{"rendered":"<p><em>Am Mittwoch, den 29. Januar, lud die Sch\u00fclerfirma Fair:OK! zum insgesamt zweiten Treffen des im November gegr\u00fcndeten Schulteams ein, welches sich derzeit auf die Zertifizierung als Fairtrade-School vorbereitet.<\/em><!--more--><\/p>\n<p>Bereits seit einigen Jahren engagiert sich die <strong>Sch\u00fclerfirma Fair:OK!\u00a0<\/strong>mit viel Herzblut und Hingabe f\u00fcr den Fairen Handel, immer mit dem Ziel vor Augen, dieses wichtige Thema auch in den Schulalltag zu integrieren. Der Traum von einer <strong>Zertifizierung als Fairtrade-School<\/strong> scheint da gar nicht so abwegig. Und nun, circa zweieinhalb Jahre nach der Gr\u00fcndung der Sch\u00fclerfirma, ist es endlich so weit: Die Realisierung dieses Wunsches ist zum Greifen nahe. Schon am 19. Januar wurde die in den letzten Wochen und Monaten ausgearbeitete Bewerbung bei der &#8222;Fairtrade-Schools-Kampagne&#8220; eingereicht, doch nat\u00fcrlich k\u00f6nnen und wollen sich die derzeit neun Sch\u00fclerinnen und Sch\u00fcler sowie die beiden begleitenden Lehrkr\u00e4fte Frau Praas und Frau Dr. Angelike auf diesem Fortschritt nicht ausruhen.<\/p>\n<p>Diese Motivation war auch am vergangenen Mittwoch beim <strong>ersten Schulteam-Treffen des Jahres 2020<\/strong> &#8211; \u00fcbrigens ebenfalls eine der Auflagen der Fairtrade-School-Kampagne &#8211; deutlich zu sp\u00fcren. Um 15:00 Uhr kamen <strong>Sch\u00fcler*innen, Lehrkr\u00e4fte und Eltern<\/strong>, die sich <img loading=\"lazy\" decoding=\"async\" class=\"size-medium wp-image-6932 alignright\" src=\"https:\/\/gymnasium-odenkirchen.de\/wordpress\/wp-content\/uploads\/2020\/02\/ec3211c8-fc7c-4ec5-a650-cd5ad0a62a5b-300x225.jpg\" alt=\"\" width=\"300\" height=\"225\" srcset=\"https:\/\/gymnasium-odenkirchen.de\/wordpress\/wp-content\/uploads\/2020\/02\/ec3211c8-fc7c-4ec5-a650-cd5ad0a62a5b-300x225.jpg 300w, https:\/\/gymnasium-odenkirchen.de\/wordpress\/wp-content\/uploads\/2020\/02\/ec3211c8-fc7c-4ec5-a650-cd5ad0a62a5b-1024x768.jpg 1024w, https:\/\/gymnasium-odenkirchen.de\/wordpress\/wp-content\/uploads\/2020\/02\/ec3211c8-fc7c-4ec5-a650-cd5ad0a62a5b-768x576.jpg 768w, https:\/\/gymnasium-odenkirchen.de\/wordpress\/wp-content\/uploads\/2020\/02\/ec3211c8-fc7c-4ec5-a650-cd5ad0a62a5b-1536x1152.jpg 1536w, https:\/\/gymnasium-odenkirchen.de\/wordpress\/wp-content\/uploads\/2020\/02\/ec3211c8-fc7c-4ec5-a650-cd5ad0a62a5b-450x338.jpg 450w, https:\/\/gymnasium-odenkirchen.de\/wordpress\/wp-content\/uploads\/2020\/02\/ec3211c8-fc7c-4ec5-a650-cd5ad0a62a5b.jpg 1600w\" sizes=\"auto, (max-width: 300px) 100vw, 300px\" \/>ab sofort mehrmals im Jahr \u00fcber den Fairen Handel am Gymnasium Odenkirchen beraten werden, in einem gem\u00fctlich hergerichteten und von dem Duft der firmeneigenen Kaffeemaschine &#8222;Regina&#8220; erf\u00fcllten Raum zusammen, um \u00fcber die Erfolge und <strong>Aktionen der letzten zweieinhalb Monate<\/strong>, unter denen vor allem die <strong>Spenden\u00fcbergabe an das Haus &#8222;Vivre l&#8217;Espoir&#8220; in Marokko im Januar<\/strong> hervorsticht, aber auch die <strong>Ziele und Pl\u00e4ne f\u00fcr 2020<\/strong> zu sprechen. Neben dem am Folgetag durchgef\u00fchrten <strong>Werbetag<\/strong> f\u00fcr die Klassen 5 und 6, dessen daf\u00fcr eigens entwickelte Spiele bereits von den Lehrerinnen, Lehrern und Eltern getestet und ausprobiert wurden, und der eingereichten Bewerbung, die zur Zeit begutachtet wird, standen vor allem die<strong> Anwerbung von Mitgliedern ab der Jahrgangsstufe 7<\/strong>, an denen es zur Zeit ein wenig mangelt, die <strong>\u00d6ffentlichkeitsarbeit<\/strong> und die verbindliche <strong>Integration von fair gehandelten Lebensmitteln beim gesunden Fr\u00fchst\u00fcck<\/strong> im Vordergrund, die mit gro\u00dfem Eifer geplant und ausdiskutiert wurden.<\/p>\n<p><img loading=\"lazy\" decoding=\"async\" class=\"size-medium wp-image-6933 alignleft\" src=\"https:\/\/gymnasium-odenkirchen.de\/wordpress\/wp-content\/uploads\/2020\/02\/e16a93a9-3aaf-4e60-8f2e-b6b60944bf6d-300x225.jpg\" alt=\"\" width=\"300\" height=\"225\" srcset=\"https:\/\/gymnasium-odenkirchen.de\/wordpress\/wp-content\/uploads\/2020\/02\/e16a93a9-3aaf-4e60-8f2e-b6b60944bf6d-300x225.jpg 300w, https:\/\/gymnasium-odenkirchen.de\/wordpress\/wp-content\/uploads\/2020\/02\/e16a93a9-3aaf-4e60-8f2e-b6b60944bf6d-1024x768.jpg 1024w, https:\/\/gymnasium-odenkirchen.de\/wordpress\/wp-content\/uploads\/2020\/02\/e16a93a9-3aaf-4e60-8f2e-b6b60944bf6d-768x576.jpg 768w, https:\/\/gymnasium-odenkirchen.de\/wordpress\/wp-content\/uploads\/2020\/02\/e16a93a9-3aaf-4e60-8f2e-b6b60944bf6d-1536x1152.jpg 1536w, https:\/\/gymnasium-odenkirchen.de\/wordpress\/wp-content\/uploads\/2020\/02\/e16a93a9-3aaf-4e60-8f2e-b6b60944bf6d-450x338.jpg 450w, https:\/\/gymnasium-odenkirchen.de\/wordpress\/wp-content\/uploads\/2020\/02\/e16a93a9-3aaf-4e60-8f2e-b6b60944bf6d.jpg 1600w\" sizes=\"auto, (max-width: 300px) 100vw, 300px\" \/>Insgesamt blicken wir auf einen sehr produktiven, vielversprechenden Nachmittag zur\u00fcck, dessen festgehaltene Ergebnisse sich hoffentlich 2020 auch im Schulalltag am GO niederschlagen werden.<\/p>\n<p><em>Du m\u00f6chtest auch Teil der Sch\u00fclerfirma werden und deinen Mitsch\u00fclerinnen und Mitsch\u00fclern zeigen, wie Fairer Handel funktioniert? <strong>Komm vorbei!<\/strong> Die Sch\u00fclerfirma trifft sich <strong>jeden Donnerstag in der ersten gro\u00dfen Pause<\/strong> <strong>im Beratungszimmer<\/strong> (A-Bau, erste T\u00fcr rechts hinter dem Eingang). Du bist in der f\u00fcnften oder sechsten Klasse? Dann bist du herzlich eingeladen zu unserem <strong>Schnuppertreffen am Donnerstag, 06.02.2020 im Selbstlernzentrum<\/strong>. Wir freuen uns auf dich!<\/em><\/p>\n<p>Weitere Infos zur Sch\u00fclerfirma Fair:OK! und dem Fairen Handeln am Gymnasium Odenkirchen gibt es <a href=\"https:\/\/fairokgo.wordpress.com\">hier<\/a> oder am Lehrerzimmer bei Frau Praas oder Frau Dr. Angelike.<\/p>\n","protected":false},"excerpt":{"rendered":"<p>Am Mittwoch, den 29. Januar, lud die Sch\u00fclerfirma Fair:OK! zum insgesamt zweiten Treffen des im November gegr\u00fcndeten Schulteams ein, welches sich derzeit auf die Zertifizierung als Fairtrade-School vorbereitet.<\/p>\n","protected":false},"author":5,"featured_media":6934,"comment_status":"closed","ping_status":"open","sticky":false,"template":"","format":"standard","meta":{"ngg_post_thumbnail":0,"footnotes":""},"categories":[110,121,81,94,79],"tags":[],"class_list":["post-6938","post","type-post","status-publish","format-standard","has-post-thumbnail","hentry","category-2019-20","category-fairtrade-school","category-projekte","category-schuelerfirma","category-veranstaltungen"],"_links":{"self":[{"href":"https:\/\/gymnasium-odenkirchen.de\/wordpress\/index.php?rest_route=\/wp\/v2\/posts\/6938","targetHints":{"allow":["GET"]}}],"collection":[{"href":"https:\/\/gymnasium-odenkirchen.de\/wordpress\/index.php?rest_route=\/wp\/v2\/posts"}],"about":[{"href":"https:\/\/gymnasium-odenkirchen.de\/wordpress\/index.php?rest_route=\/wp\/v2\/types\/post"}],"author":[{"embeddable":true,"href":"https:\/\/gymnasium-odenkirchen.de\/wordpress\/index.php?rest_route=\/wp\/v2\/users\/5"}],"replies":[{"embeddable":true,"href":"https:\/\/gymnasium-odenkirchen.de\/wordpress\/index.php?rest_route=%2Fwp%2Fv2%2Fcomments&post=6938"}],"version-history":[{"count":4,"href":"https:\/\/gymnasium-odenkirchen.de\/wordpress\/index.php?rest_route=\/wp\/v2\/posts\/6938\/revisions"}],"predecessor-version":[{"id":6942,"href":"https:\/\/gymnasium-odenkirchen.de\/wordpress\/index.php?rest_route=\/wp\/v2\/posts\/6938\/revisions\/6942"}],"wp:featuredmedia":[{"embeddable":true,"href":"https:\/\/gymnasium-odenkirchen.de\/wordpress\/index.php?rest_route=\/wp\/v2\/media\/6934"}],"wp:attachment":[{"href":"https:\/\/gymnasium-odenkirchen.de\/wordpress\/index.php?rest_route=%2Fwp%2Fv2%2Fmedia&parent=6938"}],"wp:term":[{"taxonomy":"category","embeddable":true,"href":"https:\/\/gymnasium-odenkirchen.de\/wordpress\/index.php?rest_route=%2Fwp%2Fv2%2Fcategories&post=6938"},{"taxonomy":"post_tag","embeddable":true,"href":"https:\/\/gymnasium-odenkirchen.de\/wordpress\/index.php?rest_route=%2Fwp%2Fv2%2Ftags&post=6938"}],"curies":[{"name":"wp","href":"https:\/\/api.w.org\/{rel}","templated":true}]}}