{"id":7589,"date":"2020-09-25T21:57:25","date_gmt":"2020-09-25T19:57:25","guid":{"rendered":"https:\/\/gymnasium-odenkirchen.de\/wordpress\/?p=7589"},"modified":"2020-09-25T21:57:25","modified_gmt":"2020-09-25T19:57:25","slug":"moenchengladbach-du-bist-und-bleibst-fair","status":"publish","type":"post","link":"https:\/\/gymnasium-odenkirchen.de\/wordpress\/?p=7589","title":{"rendered":"M\u00f6nchengladbach, Du bist und bleibst fair!"},"content":{"rendered":"<p data-adtags-visited=\"true\"><em>oder: Die Sch\u00fclerfirma \u201eFair:OK!\u201c zu Besuch am Berufskolleg Volksgartenstra\u00dfe<br \/>\n<\/em><br \/>\nIn Zeiten wie diesen hat man oft ganz andere Dinge im Kopf. Auch wenn die Pandemie nun eher Alltag als Ausnahmezustand ist und unser Regelschulbetrieb bis auf kleinere Bereiche wieder komplett aufgenommen worden ist, wird unsere Anpassungsf\u00e4higkeit jeden Tag aufs Neue auf die Probe gestellt. Blickt man jedoch gerade auf weit weniger wohlhabende L\u00e4nder, so wird deutlich, dass es uns noch vergleichsweise gut getroffen hat \u2013 und partnerschaftliches Verhalten und der Faire Handel nach wie vor eine gro\u00dfe Rolle spielen.<!--more--><\/p>\n<p data-adtags-visited=\"true\">Die Stadt M\u00f6nchengladbach tr\u00e4gt durch ihre Rolle als offizielle \u201eFairtrade-Town\u201c etwas dazu bei \u2013 und das nun auch weiterhin ganz offiziell. Das Berufskolleg Volksgartenstra\u00dfe hat daher freundlicherweise seine Tore ge\u00f6ffnet und war Gastgeber der Rezertifizierungsfeier M\u00f6nchengladbachs, zu der auch eine kleine Delegation unserer Sch\u00fclerfirma und Frau Dr. Angelike einladen waren.<\/p>\n<p data-adtags-visited=\"true\">Nach unserer Anreise per Bus wurden wir im Atrium des Berufskollegs in Empfang genommen, welches ganz im Zeichen des Fairen Handels geschm\u00fcckt worden war: Ein gro\u00dfz\u00fcgiger Verkaufsstand mit allerlei fairen Leckereien, zahlreich verteilte Aush\u00e4nge mit Informationen rund um die globale Fairness, gem\u00fctliche Stehtische\u2026 Die Befangenheit, der stete Begleiter der Pandemie, war hier nicht zu sp\u00fcren. Die Schulleitung, bestehend aus Frau Hamdan und Herrn Kn\u00fcppel, begr\u00fc\u00dfte uns herzlichst am Berufskolleg und brachte uns ins Gespr\u00e4ch mit Herrn Kleine, dem engagierten UNESCO-Schulkoordinator des BK VGS, der uns auch schon aus den Anfangszeiten unserer Sch\u00fclerfirma gut bekannt war. W\u00e4hrend sich noch weitere G\u00e4ste wie Herr Godoj,\u00a0Koordinator der Fairtrade-Schulen in MG, und auch unser aktueller Oberb\u00fcrgermeister Herr Reiners mit weiteren Vertretern der Stadt einfanden, bereiteten wir unseren kurzen Anteil an der Ansprache und unsere Videobotschaft der Fairtrade-School-Kampagne vor.<\/p>\n<p data-adtags-visited=\"true\">Nat\u00fcrlich waren wir auch f\u00fcr eine kleine Fotosession mit unserem Fairtrade-School-Zertifikat zu haben, ehe Frau Hamdan als Schulleiterin in ihrer Ansprache die Anwesenden offiziell am Berufskolleg willkommen hie\u00df. Im Anschluss daran berichtete unser Oberb\u00fcrgermeister von der Rezertifizierung unserer Stadt, die erneut alle erforderlichen Kriterien f\u00fcr den Titel \u201eFairtrade-Town\u201c erf\u00fcllt \u2013 und auch weiterhin Verantwortung f\u00fcr ein faires Miteinander \u00fcbernehmen will.<\/p>\n<p data-adtags-visited=\"true\">Unsere kurze Projektvorstellung begann mit Dankbarkeitsbekundungen unsererseits: Diese besondere Form der Gastfreundlichkeit ist unter Sch\u00fclerfirmen oft nicht \u00fcblich und uns daher eine umso gr\u00f6\u00dfere Ehre. Wir zeigten stolz unseren Zertifizierungsfilm, der uns von der Kampagne \u00fcbermittelt wurde, und berichteten von der sommerlichen Zertifizierungsfeier im engsten Kreis. Nach unserer Ansprache erz\u00e4hlte auch noch Herr Kleine begeistert vom Fairen Handel und Handeln am Berufskolleg und leitete schlie\u00dflich das entspannte Beisammensein bei fairem Kaffee ein.<\/p>\n<p data-adtags-visited=\"true\">Wir kamen ins Gespr\u00e4ch mit der Sch\u00fclerfirma des BK VGS, welche sich besonders in Ghana durch das \u201eGuesthouse\u201c und weitere Aktionen vorbildlich engagiert. Erfreulicherweise konnten wir so auch neue Ideen f\u00fcr unsere T\u00e4tigkeit als Sch\u00fclerfirma sammeln, beispielsweise den Bau eines fairen Adventskalenders f\u00fcr die Sch\u00fclerschaft, welchen unsere Mitstreiter vom Berufskolleg konzipiert hatten. Sch\u00fcler und Lehrer beider Schulen waren sich dabei einig: Der rege Austausch ist eine Win-Win-Situation f\u00fcr alle Beteiligten. Fairer Handel bedarf keiner Konkurrenz, keiner Rivalit\u00e4t, sondern Menschen, die mit gutem Beispiel vorangehen und ihre Konzepte miteinander teilen.<\/p>\n<p data-adtags-visited=\"true\">Und obwohl wir gerne noch mehr Zeit mit den anderen G\u00e4sten verbracht h\u00e4tten, mussten wir schlie\u00dflich doch wieder unseren R\u00fcckweg antreten, um rechtzeitig unseren anderen Verpflichtungen nachzukommen. Im Gep\u00e4ck: Positive Erfahrungen mit Gleichgesinnten, neue Bekannte und viele weitere Anregungen, um unseren Schulalltag wieder ein bisschen fairer zu gestalten.<\/p>\n<p data-adtags-visited=\"true\">Wir bedanken uns noch einmal ganz herzlich bei unseren Gastgebern f\u00fcr den sch\u00f6nen Tag und hoffen auf ein baldiges Wiedersehen \u2013 vielleicht n\u00e4chstes Mal in unseren R\u00e4umlichkeiten.<\/p>\n<p data-adtags-visited=\"true\"><img loading=\"lazy\" decoding=\"async\" class=\"alignnone size-medium wp-image-7592\" src=\"https:\/\/gymnasium-odenkirchen.de\/wordpress\/wp-content\/uploads\/2020\/09\/fairtrade_resized_20200918_121536513-300x200.jpeg\" alt=\"\" width=\"300\" height=\"200\" srcset=\"https:\/\/gymnasium-odenkirchen.de\/wordpress\/wp-content\/uploads\/2020\/09\/fairtrade_resized_20200918_121536513-300x200.jpeg 300w, https:\/\/gymnasium-odenkirchen.de\/wordpress\/wp-content\/uploads\/2020\/09\/fairtrade_resized_20200918_121536513-768x512.jpeg 768w, https:\/\/gymnasium-odenkirchen.de\/wordpress\/wp-content\/uploads\/2020\/09\/fairtrade_resized_20200918_121536513-600x400.jpeg 600w, https:\/\/gymnasium-odenkirchen.de\/wordpress\/wp-content\/uploads\/2020\/09\/fairtrade_resized_20200918_121536513-450x300.jpeg 450w, https:\/\/gymnasium-odenkirchen.de\/wordpress\/wp-content\/uploads\/2020\/09\/fairtrade_resized_20200918_121536513.jpeg 1024w\" sizes=\"auto, (max-width: 300px) 100vw, 300px\" \/><\/p>\n<figure class=\"wp-block-image size-large\"><figcaption><em>V.l.n.r.: Amelie Klauth (Fair:OK!), Herr Kleine (BK VGS), Leonie Falkowski (Fair:OK!), Frau Hamdan (BK VGS), Herr Reiners (Oberb\u00fcrgermeis<\/em><em>ter) \u00a9 Stadt MG<\/em><\/figcaption><\/figure>\n<p data-adtags-visited=\"true\"><em>Weitere Impressionen unserer kleinen Ex<\/em><em>kursion\u2026<\/em><\/p>\n<p data-adtags-visited=\"true\"><img loading=\"lazy\" decoding=\"async\" class=\"alignnone size-medium wp-image-7590\" src=\"https:\/\/gymnasium-odenkirchen.de\/wordpress\/wp-content\/uploads\/2020\/09\/20200917_114559_original-300x142.jpg\" alt=\"\" width=\"300\" height=\"142\" srcset=\"https:\/\/gymnasium-odenkirchen.de\/wordpress\/wp-content\/uploads\/2020\/09\/20200917_114559_original-300x142.jpg 300w, https:\/\/gymnasium-odenkirchen.de\/wordpress\/wp-content\/uploads\/2020\/09\/20200917_114559_original-1024x485.jpg 1024w, https:\/\/gymnasium-odenkirchen.de\/wordpress\/wp-content\/uploads\/2020\/09\/20200917_114559_original-768x363.jpg 768w, https:\/\/gymnasium-odenkirchen.de\/wordpress\/wp-content\/uploads\/2020\/09\/20200917_114559_original-1536x727.jpg 1536w, https:\/\/gymnasium-odenkirchen.de\/wordpress\/wp-content\/uploads\/2020\/09\/20200917_114559_original-2048x969.jpg 2048w, https:\/\/gymnasium-odenkirchen.de\/wordpress\/wp-content\/uploads\/2020\/09\/20200917_114559_original-450x213.jpg 450w\" sizes=\"auto, (max-width: 300px) 100vw, 300px\" \/><\/p>\n<p data-adtags-visited=\"true\"><img loading=\"lazy\" decoding=\"async\" class=\"alignnone size-medium wp-image-7591\" src=\"https:\/\/gymnasium-odenkirchen.de\/wordpress\/wp-content\/uploads\/2020\/09\/20200917_114715_original-300x142.jpeg\" alt=\"\" width=\"300\" height=\"142\" srcset=\"https:\/\/gymnasium-odenkirchen.de\/wordpress\/wp-content\/uploads\/2020\/09\/20200917_114715_original-300x142.jpeg 300w, https:\/\/gymnasium-odenkirchen.de\/wordpress\/wp-content\/uploads\/2020\/09\/20200917_114715_original-768x364.jpeg 768w, https:\/\/gymnasium-odenkirchen.de\/wordpress\/wp-content\/uploads\/2020\/09\/20200917_114715_original-450x213.jpeg 450w, https:\/\/gymnasium-odenkirchen.de\/wordpress\/wp-content\/uploads\/2020\/09\/20200917_114715_original.jpeg 1024w\" sizes=\"auto, (max-width: 300px) 100vw, 300px\" \/><\/p>\n","protected":false},"excerpt":{"rendered":"<p>oder: Die Sch\u00fclerfirma \u201eFair:OK!\u201c zu Besuch am Berufskolleg Volksgartenstra\u00dfe In Zeiten wie diesen hat man oft ganz andere Dinge im Kopf. Auch wenn die Pandemie nun eher Alltag als Ausnahmezustand ist und unser Regelschulbetrieb bis auf kleinere Bereiche wieder komplett aufgenommen worden ist, wird unsere Anpassungsf\u00e4higkeit jeden Tag aufs Neue auf die Probe gestellt. Blickt man jedoch gerade auf weit weniger wohlhabende L\u00e4nder, so wird deutlich, dass es uns noch vergleichsweise gut getroffen hat \u2013 und partnerschaftliches Verhalten und der Faire Handel nach wie vor eine gro\u00dfe Rolle spielen.<\/p>\n","protected":false},"author":8,"featured_media":7592,"comment_status":"closed","ping_status":"open","sticky":false,"template":"","format":"standard","meta":{"ngg_post_thumbnail":0,"footnotes":""},"categories":[129,101,121,94],"tags":[],"class_list":["post-7589","post","type-post","status-publish","format-standard","has-post-thumbnail","hentry","category-2020-21","category-ags","category-fairtrade-school","category-schuelerfirma"],"_links":{"self":[{"href":"https:\/\/gymnasium-odenkirchen.de\/wordpress\/index.php?rest_route=\/wp\/v2\/posts\/7589","targetHints":{"allow":["GET"]}}],"collection":[{"href":"https:\/\/gymnasium-odenkirchen.de\/wordpress\/index.php?rest_route=\/wp\/v2\/posts"}],"about":[{"href":"https:\/\/gymnasium-odenkirchen.de\/wordpress\/index.php?rest_route=\/wp\/v2\/types\/post"}],"author":[{"embeddable":true,"href":"https:\/\/gymnasium-odenkirchen.de\/wordpress\/index.php?rest_route=\/wp\/v2\/users\/8"}],"replies":[{"embeddable":true,"href":"https:\/\/gymnasium-odenkirchen.de\/wordpress\/index.php?rest_route=%2Fwp%2Fv2%2Fcomments&post=7589"}],"version-history":[{"count":3,"href":"https:\/\/gymnasium-odenkirchen.de\/wordpress\/index.php?rest_route=\/wp\/v2\/posts\/7589\/revisions"}],"predecessor-version":[{"id":7616,"href":"https:\/\/gymnasium-odenkirchen.de\/wordpress\/index.php?rest_route=\/wp\/v2\/posts\/7589\/revisions\/7616"}],"wp:featuredmedia":[{"embeddable":true,"href":"https:\/\/gymnasium-odenkirchen.de\/wordpress\/index.php?rest_route=\/wp\/v2\/media\/7592"}],"wp:attachment":[{"href":"https:\/\/gymnasium-odenkirchen.de\/wordpress\/index.php?rest_route=%2Fwp%2Fv2%2Fmedia&parent=7589"}],"wp:term":[{"taxonomy":"category","embeddable":true,"href":"https:\/\/gymnasium-odenkirchen.de\/wordpress\/index.php?rest_route=%2Fwp%2Fv2%2Fcategories&post=7589"},{"taxonomy":"post_tag","embeddable":true,"href":"https:\/\/gymnasium-odenkirchen.de\/wordpress\/index.php?rest_route=%2Fwp%2Fv2%2Ftags&post=7589"}],"curies":[{"name":"wp","href":"https:\/\/api.w.org\/{rel}","templated":true}]}}