{"id":7595,"date":"2020-09-22T16:41:41","date_gmt":"2020-09-22T14:41:41","guid":{"rendered":"https:\/\/gymnasium-odenkirchen.de\/wordpress\/?p=7595"},"modified":"2020-09-22T16:41:41","modified_gmt":"2020-09-22T14:41:41","slug":"gymnasium-odenkirchen-wird-check-in-schule","status":"publish","type":"post","link":"https:\/\/gymnasium-odenkirchen.de\/wordpress\/?p=7595","title":{"rendered":"Gymnasium Odenkirchen wird CHECK IN Schule"},"content":{"rendered":"<p>Check In Berufswelt ist eine dezentrale Schule-Wirtschaft Initiative, die bei den teilnehmenden Unternehmen stattfindet.<\/p>\n<p>Die teilnehmenden Unternehmen \u00f6ffnen f\u00fcr interessierte Sch\u00fclerinnen und Sch\u00fcler der Jahrgangsstufen 9-13 am CHECK IN Day in ihrer Region ihre T\u00fcren von 13-17 Uhr. An vier Tagen (5.-8. Oktober 2020) haben Sch\u00fclerinnen und Sch\u00fcler die M\u00f6glichkeit Unternehmen und Institutionen in der unmittelbaren Umgebung und in den Nachbargebieten zu besuchen.<br \/>\n\u00dcber Informationen in den Schulen, \u00fcber die Homepage der Aktion die Facebook-Pr\u00e4senz und nicht zuletzt das CHECK IN Sch\u00fclermagazin werden die Jugendlichen zur Teilnahme an den CHECK IN Days eingeladen.<br \/>\nDie CHECK IN Berufswelt findet im Oktober 2020 bereits zum elften Mal statt. Das Aktionsgebiet umfasst die St\u00e4dte Krefeld und M\u00f6nchengladbach sowie den Kreis Viersen und den Rhein-Kreis Neuss. 2019 besuchten an den vier Veranstaltungstagen 4250 Sch\u00fclerinnen und Sch\u00fcler die teilnehmenden Unternehmen.<\/p>\n<p style=\"text-align: left;\">F\u00fcr Sch\u00fclerinnen und Sch\u00fcler der Jahrgangsstufe EF\/ Q1 wird die Teilnahme als Praxistag anerkannt.<\/p>\n<p style=\"text-align: right;\">\n(A. Lemken)<\/p>\n","protected":false},"excerpt":{"rendered":"<p>Check In Berufswelt ist eine dezentrale Schule-Wirtschaft Initiative, die bei den teilnehmenden Unternehmen stattfindet. Die teilnehmenden Unternehmen \u00f6ffnen f\u00fcr interessierte Sch\u00fclerinnen und Sch\u00fcler der Jahrgangsstufen 9-13 am CHECK IN Day in ihrer Region ihre T\u00fcren von 13-17 Uhr. An vier Tagen (5.-8. Oktober 2020) haben Sch\u00fclerinnen und Sch\u00fcler die M\u00f6glichkeit Unternehmen und Institutionen in der unmittelbaren Umgebung und in den Nachbargebieten zu besuchen. \u00dcber Informationen in den Schulen, \u00fcber die Homepage der Aktion die Facebook-Pr\u00e4senz und nicht zuletzt das CHECK IN Sch\u00fclermagazin werden die Jugendlichen zur Teilnahme an den CHECK IN Days eingeladen. Die CHECK IN Berufswelt findet im Oktober [&hellip;]<\/p>\n","protected":false},"author":5,"featured_media":4275,"comment_status":"closed","ping_status":"open","sticky":false,"template":"","format":"standard","meta":{"ngg_post_thumbnail":0,"footnotes":""},"categories":[129,130],"tags":[],"class_list":["post-7595","post","type-post","status-publish","format-standard","has-post-thumbnail","hentry","category-2020-21","category-berufsberatung"],"_links":{"self":[{"href":"https:\/\/gymnasium-odenkirchen.de\/wordpress\/index.php?rest_route=\/wp\/v2\/posts\/7595","targetHints":{"allow":["GET"]}}],"collection":[{"href":"https:\/\/gymnasium-odenkirchen.de\/wordpress\/index.php?rest_route=\/wp\/v2\/posts"}],"about":[{"href":"https:\/\/gymnasium-odenkirchen.de\/wordpress\/index.php?rest_route=\/wp\/v2\/types\/post"}],"author":[{"embeddable":true,"href":"https:\/\/gymnasium-odenkirchen.de\/wordpress\/index.php?rest_route=\/wp\/v2\/users\/5"}],"replies":[{"embeddable":true,"href":"https:\/\/gymnasium-odenkirchen.de\/wordpress\/index.php?rest_route=%2Fwp%2Fv2%2Fcomments&post=7595"}],"version-history":[{"count":1,"href":"https:\/\/gymnasium-odenkirchen.de\/wordpress\/index.php?rest_route=\/wp\/v2\/posts\/7595\/revisions"}],"predecessor-version":[{"id":7596,"href":"https:\/\/gymnasium-odenkirchen.de\/wordpress\/index.php?rest_route=\/wp\/v2\/posts\/7595\/revisions\/7596"}],"wp:featuredmedia":[{"embeddable":true,"href":"https:\/\/gymnasium-odenkirchen.de\/wordpress\/index.php?rest_route=\/wp\/v2\/media\/4275"}],"wp:attachment":[{"href":"https:\/\/gymnasium-odenkirchen.de\/wordpress\/index.php?rest_route=%2Fwp%2Fv2%2Fmedia&parent=7595"}],"wp:term":[{"taxonomy":"category","embeddable":true,"href":"https:\/\/gymnasium-odenkirchen.de\/wordpress\/index.php?rest_route=%2Fwp%2Fv2%2Fcategories&post=7595"},{"taxonomy":"post_tag","embeddable":true,"href":"https:\/\/gymnasium-odenkirchen.de\/wordpress\/index.php?rest_route=%2Fwp%2Fv2%2Ftags&post=7595"}],"curies":[{"name":"wp","href":"https:\/\/api.w.org\/{rel}","templated":true}]}}