{"id":7602,"date":"2020-09-22T16:51:18","date_gmt":"2020-09-22T14:51:18","guid":{"rendered":"https:\/\/gymnasium-odenkirchen.de\/wordpress\/?p=7602"},"modified":"2020-09-22T16:52:23","modified_gmt":"2020-09-22T14:52:23","slug":"beruf-konkret-goes-digital","status":"publish","type":"post","link":"https:\/\/gymnasium-odenkirchen.de\/wordpress\/?p=7602","title":{"rendered":"Beruf konkret goes digital"},"content":{"rendered":"<p>Seit 25 Jahren ist die \u201eBeruf konkret\u201c die Studien- und Berufsorientierungsmesse f\u00fcr M\u00f6nchengladbach. Rund 5.000 Sch\u00fclerinnen und Sch\u00fcler besuchen die Messe alle zwei Jahre.<br \/>\nDurch die Corona-Pandemie wird die Veranstaltung in diesem Jahr erstmals zur \u201eBeruf konkret digital\u201c.<br \/>\nAuf <a href=\"http:\/\/www.beruf-konkret.de\" rel=\"noopener noreferrer\" target=\"_blank\">www.beruf-konkret.de<\/a> treffen Sch\u00fclerinnen und Sch\u00fcler vom <strong>24. September bis 26. September 2020<\/strong> auf rund 100 Ausbildungsbetriebe, Hochschulen, Berufskollegs und Bildungseinrichtungen. Die Aussteller pr\u00e4sentieren sich in kurzen Videos, Online-Pr\u00e4sentationen und Talkrunden. W\u00e4hrend der Live-Tage k\u00f6nnen die Sch\u00fclerinnen und Sch\u00fcler mit Personalern, Berufsberatern und Azubis chatten. Dar\u00fcber hinaus soll die Messe zur ganzj\u00e4hrigen Plattform f\u00fcr Berufs- und Studienorientierung werden. Die Besucher sollen sich hier 365 Tage im Jahr \u00fcber Ausbildungs- und Studienm\u00f6glichkeiten sowie Praktikas in M\u00f6nchengladbach und der Region informieren k\u00f6nnen.<br \/>\nDie WFMG veranstaltet die Messe gemeinsam mit der Agentur f\u00fcr Arbeit M\u00f6nchengladbach und der Stadt M\u00f6nchengladbach.<\/p>\n","protected":false},"excerpt":{"rendered":"<p>Seit 25 Jahren ist die \u201eBeruf konkret\u201c die Studien- und Berufsorientierungsmesse f\u00fcr M\u00f6nchengladbach. Rund 5.000 Sch\u00fclerinnen und Sch\u00fcler besuchen die Messe alle zwei Jahre. Durch die Corona-Pandemie wird die Veranstaltung in diesem Jahr erstmals zur \u201eBeruf konkret digital\u201c. Auf www.beruf-konkret.de treffen Sch\u00fclerinnen und Sch\u00fcler vom 24. September bis 26. September 2020 auf rund 100 Ausbildungsbetriebe, Hochschulen, Berufskollegs und Bildungseinrichtungen. Die Aussteller pr\u00e4sentieren sich in kurzen Videos, Online-Pr\u00e4sentationen und Talkrunden. W\u00e4hrend der Live-Tage k\u00f6nnen die Sch\u00fclerinnen und Sch\u00fcler mit Personalern, Berufsberatern und Azubis chatten. Dar\u00fcber hinaus soll die Messe zur ganzj\u00e4hrigen Plattform f\u00fcr Berufs- und Studienorientierung werden. Die Besucher sollen sich [&hellip;]<\/p>\n","protected":false},"author":5,"featured_media":7604,"comment_status":"closed","ping_status":"open","sticky":false,"template":"","format":"standard","meta":{"ngg_post_thumbnail":0,"footnotes":""},"categories":[129,130,79],"tags":[],"class_list":["post-7602","post","type-post","status-publish","format-standard","has-post-thumbnail","hentry","category-2020-21","category-berufsberatung","category-veranstaltungen"],"_links":{"self":[{"href":"https:\/\/gymnasium-odenkirchen.de\/wordpress\/index.php?rest_route=\/wp\/v2\/posts\/7602","targetHints":{"allow":["GET"]}}],"collection":[{"href":"https:\/\/gymnasium-odenkirchen.de\/wordpress\/index.php?rest_route=\/wp\/v2\/posts"}],"about":[{"href":"https:\/\/gymnasium-odenkirchen.de\/wordpress\/index.php?rest_route=\/wp\/v2\/types\/post"}],"author":[{"embeddable":true,"href":"https:\/\/gymnasium-odenkirchen.de\/wordpress\/index.php?rest_route=\/wp\/v2\/users\/5"}],"replies":[{"embeddable":true,"href":"https:\/\/gymnasium-odenkirchen.de\/wordpress\/index.php?rest_route=%2Fwp%2Fv2%2Fcomments&post=7602"}],"version-history":[{"count":1,"href":"https:\/\/gymnasium-odenkirchen.de\/wordpress\/index.php?rest_route=\/wp\/v2\/posts\/7602\/revisions"}],"predecessor-version":[{"id":7603,"href":"https:\/\/gymnasium-odenkirchen.de\/wordpress\/index.php?rest_route=\/wp\/v2\/posts\/7602\/revisions\/7603"}],"wp:featuredmedia":[{"embeddable":true,"href":"https:\/\/gymnasium-odenkirchen.de\/wordpress\/index.php?rest_route=\/wp\/v2\/media\/7604"}],"wp:attachment":[{"href":"https:\/\/gymnasium-odenkirchen.de\/wordpress\/index.php?rest_route=%2Fwp%2Fv2%2Fmedia&parent=7602"}],"wp:term":[{"taxonomy":"category","embeddable":true,"href":"https:\/\/gymnasium-odenkirchen.de\/wordpress\/index.php?rest_route=%2Fwp%2Fv2%2Fcategories&post=7602"},{"taxonomy":"post_tag","embeddable":true,"href":"https:\/\/gymnasium-odenkirchen.de\/wordpress\/index.php?rest_route=%2Fwp%2Fv2%2Ftags&post=7602"}],"curies":[{"name":"wp","href":"https:\/\/api.w.org\/{rel}","templated":true}]}}