{"id":7617,"date":"2020-09-25T22:41:54","date_gmt":"2020-09-25T20:41:54","guid":{"rendered":"https:\/\/gymnasium-odenkirchen.de\/wordpress\/?p=7617"},"modified":"2020-09-25T22:41:54","modified_gmt":"2020-09-25T20:41:54","slug":"engagiert-in-pandemiezeiten-mitgliederversammlung-der-schuelerfirma-fairok","status":"publish","type":"post","link":"https:\/\/gymnasium-odenkirchen.de\/wordpress\/?p=7617","title":{"rendered":"Engagiert in Pandemiezeiten: Mitgliederversammlung der Sch\u00fclerfirma Fair:OK!"},"content":{"rendered":"<p><em>Bereits zum vierten Mal konnte die 2017 gegr\u00fcndete Sch\u00fclerfirma Fair:OK! am Dienstag, 22.09.2020, ihre j\u00e4hrliche Mitgliederhauptversammlung abhalten &#8211; trotz zahlreicher Hygienema\u00dfnahmen.<\/em><br \/>\n<!--more--><\/p>\n<p>Dass eine Gruppe engagierter Sch\u00fclerinnen und Sch\u00fcler seit nunmehr dreieinhalb Jahren mit viel Herzblut f\u00fcr den Fairen Handel eintritt, ist nicht selbstverst\u00e4ndlich. Noch weniger selbstverst\u00e4ndlich ist es, wenn sie dies auch in Zeiten einer weltweiten Pandemie schafft, um nicht nur in M\u00f6nchengladbach, sondern auch au\u00dferhalb der Landesgrenzen ein Zeichen f\u00fcr mehr Gerechtigkeit weltweit zu setzen.<img loading=\"lazy\" decoding=\"async\" class=\"size-medium wp-image-7620 alignright\" src=\"https:\/\/gymnasium-odenkirchen.de\/wordpress\/wp-content\/uploads\/2020\/09\/1BEF5239-6596-41F3-9ECB-AA1AD827982F-225x300.jpeg\" alt=\"\" width=\"225\" height=\"300\" srcset=\"https:\/\/gymnasium-odenkirchen.de\/wordpress\/wp-content\/uploads\/2020\/09\/1BEF5239-6596-41F3-9ECB-AA1AD827982F-225x300.jpeg 225w, https:\/\/gymnasium-odenkirchen.de\/wordpress\/wp-content\/uploads\/2020\/09\/1BEF5239-6596-41F3-9ECB-AA1AD827982F-768x1024.jpeg 768w, https:\/\/gymnasium-odenkirchen.de\/wordpress\/wp-content\/uploads\/2020\/09\/1BEF5239-6596-41F3-9ECB-AA1AD827982F-1152x1536.jpeg 1152w, https:\/\/gymnasium-odenkirchen.de\/wordpress\/wp-content\/uploads\/2020\/09\/1BEF5239-6596-41F3-9ECB-AA1AD827982F-450x600.jpeg 450w, https:\/\/gymnasium-odenkirchen.de\/wordpress\/wp-content\/uploads\/2020\/09\/1BEF5239-6596-41F3-9ECB-AA1AD827982F.jpeg 1200w\" sizes=\"auto, (max-width: 225px) 100vw, 225px\" \/><\/p>\n<p>Die <strong>allj\u00e4hrliche Mitgliederversammlung<\/strong> der Sch\u00fclerfirma <strong>Fair:OK!<\/strong> hatte in diesem Jahr in vielerlei Hinsicht den Anschein eines Maskenballs im wahrsten Sinne des Wortes, wenn auch mit viel Abstand zwischen den einzelnen Sitzpl\u00e4tzen und Desinfektionsmittel am Eingang der <strong>Aula<\/strong>. Noch einige Tage vorher war nicht klar, ob ein physisches Zusammentreffen zur Bestimmung des diesj\u00e4hrigen Spendenziels m\u00f6glich sein w\u00fcrde &#8211; <strong>eine Versammlung in Form einer Videokonferenz wurde daher bereits im Voraus geplant<\/strong>. Umso gr\u00f6\u00dfer war am Dienstagnachmittag die Freude, die vielen engagierten Gesichter, die gr\u00f6\u00dftenteils auch das Fairtrade-Schulteam unterst\u00fctzen, pers\u00f6nlich zu sehen und sich bei diesen auch pers\u00f6nlich zu bedanken.<\/p>\n<p>Nachdem Schulleiterin Ariana N\u00fcbel-Can ein paar ermutigende Worte an die Anwesenden gerichtet hatte und j\u00fcngere Vertreter sowie \u201ealte Hasen\u201c der Sch\u00fclerfirma <b>das vergangene Jahr Revue passieren lassen<\/b> hatten, wagte das versammelte Publikum einen Blick auf die <b>Finanzen, die pandemiebedingt zwar etwas unter dem Wert des vergangenen Jahres lagen, sich insgesamt aber sehen lassen konnten.<\/b> Eine im Anbetracht der aktuellen Lage solide Grundlage f\u00fcr den H\u00f6hepunkt des Nachmittags: Die Bestimmung des Projekts, welchem s\u00e4mtliche Erl\u00f6se der Sch\u00fclerfirma, die im vergangenen Jahr eingenommen wurden, zugute kommen sollten. <b>So gehen 400 Euro in diesem Jahr an das Haus \u201eVivre l\u2018espoir\u201c in Marokko<\/b>, welches unbegleiteten minderj\u00e4hrigen Fl\u00fcchtlingen einen Zufluchtsort, Orientierung und Weiterbildungsm\u00f6glichkeiten bietet und bereits im vergangenen Jahr durch Fair:OK! unterst\u00fctzt wurde. Ein Entscheidendes Kriterium f\u00fcr die Sch\u00fclerinnen und Sch\u00fcler: <b>Gleichaltrigen helfen<\/b> und so eine Br\u00fccke zum Leben der anderen schlagen, das doch so verschieden von dem unseren ist.<\/p>\n<p><img loading=\"lazy\" decoding=\"async\" class=\"size-medium wp-image-7619 alignleft\" src=\"https:\/\/gymnasium-odenkirchen.de\/wordpress\/wp-content\/uploads\/2020\/09\/2BD1254C-0005-4000-B7DC-A093C1C2C0D3-300x225.jpeg\" alt=\"\" width=\"300\" height=\"225\" srcset=\"https:\/\/gymnasium-odenkirchen.de\/wordpress\/wp-content\/uploads\/2020\/09\/2BD1254C-0005-4000-B7DC-A093C1C2C0D3-300x225.jpeg 300w, https:\/\/gymnasium-odenkirchen.de\/wordpress\/wp-content\/uploads\/2020\/09\/2BD1254C-0005-4000-B7DC-A093C1C2C0D3-1024x768.jpeg 1024w, https:\/\/gymnasium-odenkirchen.de\/wordpress\/wp-content\/uploads\/2020\/09\/2BD1254C-0005-4000-B7DC-A093C1C2C0D3-768x576.jpeg 768w, https:\/\/gymnasium-odenkirchen.de\/wordpress\/wp-content\/uploads\/2020\/09\/2BD1254C-0005-4000-B7DC-A093C1C2C0D3-1536x1152.jpeg 1536w, https:\/\/gymnasium-odenkirchen.de\/wordpress\/wp-content\/uploads\/2020\/09\/2BD1254C-0005-4000-B7DC-A093C1C2C0D3-450x338.jpeg 450w, https:\/\/gymnasium-odenkirchen.de\/wordpress\/wp-content\/uploads\/2020\/09\/2BD1254C-0005-4000-B7DC-A093C1C2C0D3.jpeg 1600w\" sizes=\"auto, (max-width: 300px) 100vw, 300px\" \/>Dass diese Art der Unterst\u00fctzung und der Einsatz f\u00fcr den Fairen Handel best\u00e4ndig bleiben sollen, zeigte sich deutlich in der <b>anschlie\u00dfenden Schulteam-Sitzung<\/b>, in der es unter anderem um eine k\u00fcnftige Zusammenarbeit mit der SV und den Verkauf fair gehandelter Schreibwaren, die Einf\u00fchrung von fair gehandeltem Kakao im Automaten der Cafeteria, eine Adventskalenderaktion mit fairen Produkten und die Zusammenarbeit mit der Jahrgangsstufe Q2 beim Nikolausverkauf ging.<\/p>\n<p>Insgesamt blicken wir auf einen <b>erfolgreichen Tag<\/b> zur\u00fcck, der <b>abermals gezeigt hat, dass wir alle mit unserem Einsatz f\u00fcr den Fairen Handel nicht allein sind, <\/b>sondern dass unser Engagement f\u00fcr soziale Gerechtigkeit und weniger Disparit\u00e4ten in der Welt uns eint &#8211; trotz \u201esocial distancing\u201c. Wir setzen vielleicht nur ein kleines Zeichen, aber als gro\u00dfe Gruppe &#8211; nun auch im Rahmen der Fairtrade-Schools-Kampagne &#8211; k\u00f6nnen viele dieser kleinen Zeichen vielleicht einmal Gro\u00dfes bewirken.<\/p>\n","protected":false},"excerpt":{"rendered":"<p>Bereits zum vierten Mal konnte die 2017 gegr\u00fcndete Sch\u00fclerfirma Fair:OK! am Dienstag, 22.09.2020, ihre j\u00e4hrliche Mitgliederhauptversammlung abhalten &#8211; trotz zahlreicher Hygienema\u00dfnahmen.<\/p>\n","protected":false},"author":5,"featured_media":7618,"comment_status":"closed","ping_status":"open","sticky":false,"template":"","format":"standard","meta":{"ngg_post_thumbnail":0,"footnotes":""},"categories":[129,101,81,94,99,79],"tags":[],"class_list":["post-7617","post","type-post","status-publish","format-standard","has-post-thumbnail","hentry","category-2020-21","category-ags","category-projekte","category-schuelerfirma","category-soziales-engagement","category-veranstaltungen"],"_links":{"self":[{"href":"https:\/\/gymnasium-odenkirchen.de\/wordpress\/index.php?rest_route=\/wp\/v2\/posts\/7617","targetHints":{"allow":["GET"]}}],"collection":[{"href":"https:\/\/gymnasium-odenkirchen.de\/wordpress\/index.php?rest_route=\/wp\/v2\/posts"}],"about":[{"href":"https:\/\/gymnasium-odenkirchen.de\/wordpress\/index.php?rest_route=\/wp\/v2\/types\/post"}],"author":[{"embeddable":true,"href":"https:\/\/gymnasium-odenkirchen.de\/wordpress\/index.php?rest_route=\/wp\/v2\/users\/5"}],"replies":[{"embeddable":true,"href":"https:\/\/gymnasium-odenkirchen.de\/wordpress\/index.php?rest_route=%2Fwp%2Fv2%2Fcomments&post=7617"}],"version-history":[{"count":2,"href":"https:\/\/gymnasium-odenkirchen.de\/wordpress\/index.php?rest_route=\/wp\/v2\/posts\/7617\/revisions"}],"predecessor-version":[{"id":7622,"href":"https:\/\/gymnasium-odenkirchen.de\/wordpress\/index.php?rest_route=\/wp\/v2\/posts\/7617\/revisions\/7622"}],"wp:featuredmedia":[{"embeddable":true,"href":"https:\/\/gymnasium-odenkirchen.de\/wordpress\/index.php?rest_route=\/wp\/v2\/media\/7618"}],"wp:attachment":[{"href":"https:\/\/gymnasium-odenkirchen.de\/wordpress\/index.php?rest_route=%2Fwp%2Fv2%2Fmedia&parent=7617"}],"wp:term":[{"taxonomy":"category","embeddable":true,"href":"https:\/\/gymnasium-odenkirchen.de\/wordpress\/index.php?rest_route=%2Fwp%2Fv2%2Fcategories&post=7617"},{"taxonomy":"post_tag","embeddable":true,"href":"https:\/\/gymnasium-odenkirchen.de\/wordpress\/index.php?rest_route=%2Fwp%2Fv2%2Ftags&post=7617"}],"curies":[{"name":"wp","href":"https:\/\/api.w.org\/{rel}","templated":true}]}}