{"id":7623,"date":"2020-09-26T10:03:53","date_gmt":"2020-09-26T08:03:53","guid":{"rendered":"https:\/\/gymnasium-odenkirchen.de\/wordpress\/?p=7623"},"modified":"2020-09-26T10:03:53","modified_gmt":"2020-09-26T08:03:53","slug":"herausragende-berufsorientierung-gymnasium-odenkirchen-erhaelt-berufswahlsiegel","status":"publish","type":"post","link":"https:\/\/gymnasium-odenkirchen.de\/wordpress\/?p=7623","title":{"rendered":"Herausragende Berufsorientierung &#8211; Gymnasium Odenkirchen erh\u00e4lt Berufswahlsiegel"},"content":{"rendered":"<p>Bei einer feierlichen \u00dcbergabe durch ausgew\u00e4hlte Vertreter der M\u00f6nchengladbacher Siegelkommission wurde unsere Schule am 22.9.2020 in Anwesenheit von Schulleitung, StuBo-Team (Studien- &#038; Berufsorientierung) und Sch\u00fclersprecher mit dem Berufswahlsiegel NRW ausgezeichnet.<\/p>\n<p>Das Berufswahl-SIEGEL wird seit 2003 an allgemeinbildende Schulen mit herausragender Berufsorientierung verliehen.<br \/>\nDie Zertifizierung als Siegel-Schule ist damit Ausdruck f\u00fcr die vielen AGs, Projekte und Kooperationen, die an unserer Schule im Bereich der Berufs- und Studienorientierung regelm\u00e4\u00dfig durchgef\u00fchrt werden &#8211; so unter anderem die \u201eH\u00f6hle der Eulen\u201c, die Sch\u00fclerfirma \u201eFair Ok\u201c, diverse zdi-Projekte, die Sanit\u00e4ts- und Sporthelfer-AG und nicht zuletzt die seit 2019 bestehende Kooperation mit der Firma Tr\u00fctzschler.<\/p>\n","protected":false},"excerpt":{"rendered":"<p>Bei einer feierlichen \u00dcbergabe durch ausgew\u00e4hlte Vertreter der M\u00f6nchengladbacher Siegelkommission wurde unsere Schule am 22.9.2020 in Anwesenheit von Schulleitung, StuBo-Team (Studien- &#038; Berufsorientierung) und Sch\u00fclersprecher mit dem Berufswahlsiegel NRW ausgezeichnet. Das Berufswahl-SIEGEL wird seit 2003 an allgemeinbildende Schulen mit herausragender Berufsorientierung verliehen. Die Zertifizierung als Siegel-Schule ist damit Ausdruck f\u00fcr die vielen AGs, Projekte und Kooperationen, die an unserer Schule im Bereich der Berufs- und Studienorientierung regelm\u00e4\u00dfig durchgef\u00fchrt werden &#8211; so unter anderem die \u201eH\u00f6hle der Eulen\u201c, die Sch\u00fclerfirma \u201eFair Ok\u201c, diverse zdi-Projekte, die Sanit\u00e4ts- und Sporthelfer-AG und nicht zuletzt die seit 2019 bestehende Kooperation mit der Firma Tr\u00fctzschler.<\/p>\n","protected":false},"author":5,"featured_media":7624,"comment_status":"closed","ping_status":"open","sticky":false,"template":"","format":"standard","meta":{"ngg_post_thumbnail":0,"footnotes":""},"categories":[129,1,130],"tags":[],"class_list":["post-7623","post","type-post","status-publish","format-standard","has-post-thumbnail","hentry","category-2020-21","category-allgemein","category-berufsberatung"],"_links":{"self":[{"href":"https:\/\/gymnasium-odenkirchen.de\/wordpress\/index.php?rest_route=\/wp\/v2\/posts\/7623","targetHints":{"allow":["GET"]}}],"collection":[{"href":"https:\/\/gymnasium-odenkirchen.de\/wordpress\/index.php?rest_route=\/wp\/v2\/posts"}],"about":[{"href":"https:\/\/gymnasium-odenkirchen.de\/wordpress\/index.php?rest_route=\/wp\/v2\/types\/post"}],"author":[{"embeddable":true,"href":"https:\/\/gymnasium-odenkirchen.de\/wordpress\/index.php?rest_route=\/wp\/v2\/users\/5"}],"replies":[{"embeddable":true,"href":"https:\/\/gymnasium-odenkirchen.de\/wordpress\/index.php?rest_route=%2Fwp%2Fv2%2Fcomments&post=7623"}],"version-history":[{"count":1,"href":"https:\/\/gymnasium-odenkirchen.de\/wordpress\/index.php?rest_route=\/wp\/v2\/posts\/7623\/revisions"}],"predecessor-version":[{"id":7625,"href":"https:\/\/gymnasium-odenkirchen.de\/wordpress\/index.php?rest_route=\/wp\/v2\/posts\/7623\/revisions\/7625"}],"wp:featuredmedia":[{"embeddable":true,"href":"https:\/\/gymnasium-odenkirchen.de\/wordpress\/index.php?rest_route=\/wp\/v2\/media\/7624"}],"wp:attachment":[{"href":"https:\/\/gymnasium-odenkirchen.de\/wordpress\/index.php?rest_route=%2Fwp%2Fv2%2Fmedia&parent=7623"}],"wp:term":[{"taxonomy":"category","embeddable":true,"href":"https:\/\/gymnasium-odenkirchen.de\/wordpress\/index.php?rest_route=%2Fwp%2Fv2%2Fcategories&post=7623"},{"taxonomy":"post_tag","embeddable":true,"href":"https:\/\/gymnasium-odenkirchen.de\/wordpress\/index.php?rest_route=%2Fwp%2Fv2%2Ftags&post=7623"}],"curies":[{"name":"wp","href":"https:\/\/api.w.org\/{rel}","templated":true}]}}