{"id":8000,"date":"2020-12-06T12:08:09","date_gmt":"2020-12-06T10:08:09","guid":{"rendered":"https:\/\/gymnasium-odenkirchen.de\/wordpress\/?p=8000"},"modified":"2020-12-06T12:10:47","modified_gmt":"2020-12-06T10:10:47","slug":"von-kerzen-autos-socken-und-wichteln-digitaler-adventskalender-der-lesepaten-ag","status":"publish","type":"post","link":"https:\/\/gymnasium-odenkirchen.de\/wordpress\/?p=8000","title":{"rendered":"Von Kerzen, Autos, Socken und Wichteln &#8211; digitaler Adventskalender der Lesepaten-AG"},"content":{"rendered":"<p>Weihnachten steht wieder einmal vor der T\u00fcr: Eine Zeit, in der alle Fenster brennen&#8230; \u00e4h&#8230; in der in allen Fenstern Lichter brennen, in der es nach Pl\u00e4tzchen aus dem Backofen duftet und in der wir n\u00e4her zusammenr\u00fccken, um die besinnliche Zeit gemeinsam zu verbringen &#8211; unter normalen Umst\u00e4nden jedenfalls. Aber was ist in diesem<strong> Corona-Jahr<\/strong> schon normal? Die Adventszeit im <strong>Altenheim<\/strong> sicherlich nicht. <strong>Viele Bewohnerinnen und Bewohner<\/strong> k\u00f6nnen die wohl lichterkettentr\u00e4chtigste Zeit des Jahres <strong>nicht im Kreise ihrer Angeh\u00f6rigen verbringen<\/strong>, und wenn Besuch doch m\u00f6glich ist, dann nur unter <strong>strengen Auflagen<\/strong>.<\/p>\n<p>Auch die Odenkirchener <strong>Lesepaten<\/strong> haben ihre Oldies <strong>seit M\u00e4rz nicht mehr gesehen<\/strong> und k\u00f6nnen sie nicht, wie es sonst \u00fcblich ist, bei der allj\u00e4hrlichen <strong>Weihnachtsfeier,<\/strong>\u00a0die dieses Jahr ohne externe G\u00e4ste im kleinen Kreis stattfindet, begl\u00fccken. Aber Not macht ja f\u00fcr bekanntlich erfinderisch, und so erstellten die Sch\u00fclerinnen und Sch\u00fcler in den letzten Wochen mit viel Kreativit\u00e4t, Fantasie und dem ein oder anderen technischen Hochseilakt einen <strong>digitalen Adventskalender mit 24 Liedern, Gedichten, Geschichten, M\u00e4rchen und Bildern<\/strong>.<!--more--><br \/>\nVon kleinen Kom\u00f6dien bis hin zu ber\u00fchrenden Erz\u00e4hlungen samt Happy End ist alles dabei, aber \u00fcberzeugen Sie sich doch selbst! Einige Geschichten sind fortan auch auf dieser Seite zu finden:<\/p>\n<p>&nbsp;<\/p>\n<audio class=\"wp-audio-shortcode\" id=\"audio-8000-1\" preload=\"none\" style=\"width: 100%;\" controls=\"controls\"><source type=\"audio\/mpeg\" src=\"https:\/\/gymnasium-odenkirchen.de\/wordpress\/wp-content\/uploads\/2020\/12\/2.m4a?_=1\" \/><a href=\"https:\/\/gymnasium-odenkirchen.de\/wordpress\/wp-content\/uploads\/2020\/12\/2.m4a\">https:\/\/gymnasium-odenkirchen.de\/wordpress\/wp-content\/uploads\/2020\/12\/2.m4a<\/a><\/audio>\n<audio class=\"wp-audio-shortcode\" id=\"audio-8000-2\" preload=\"none\" style=\"width: 100%;\" controls=\"controls\"><source type=\"audio\/mpeg\" src=\"https:\/\/gymnasium-odenkirchen.de\/wordpress\/wp-content\/uploads\/2020\/12\/5.m4a?_=2\" \/><a href=\"https:\/\/gymnasium-odenkirchen.de\/wordpress\/wp-content\/uploads\/2020\/12\/5.m4a\">https:\/\/gymnasium-odenkirchen.de\/wordpress\/wp-content\/uploads\/2020\/12\/5.m4a<\/a><\/audio>\n<audio class=\"wp-audio-shortcode\" id=\"audio-8000-3\" preload=\"none\" style=\"width: 100%;\" controls=\"controls\"><source type=\"audio\/mpeg\" src=\"https:\/\/gymnasium-odenkirchen.de\/wordpress\/wp-content\/uploads\/2020\/12\/20.m4a?_=3\" \/><a href=\"https:\/\/gymnasium-odenkirchen.de\/wordpress\/wp-content\/uploads\/2020\/12\/20.m4a\">https:\/\/gymnasium-odenkirchen.de\/wordpress\/wp-content\/uploads\/2020\/12\/20.m4a<\/a><\/audio>\n<audio class=\"wp-audio-shortcode\" id=\"audio-8000-4\" preload=\"none\" style=\"width: 100%;\" controls=\"controls\"><source type=\"audio\/mpeg\" src=\"https:\/\/gymnasium-odenkirchen.de\/wordpress\/wp-content\/uploads\/2020\/12\/24.m4a?_=4\" \/><a href=\"https:\/\/gymnasium-odenkirchen.de\/wordpress\/wp-content\/uploads\/2020\/12\/24.m4a\">https:\/\/gymnasium-odenkirchen.de\/wordpress\/wp-content\/uploads\/2020\/12\/24.m4a<\/a><\/audio>\n<p>&nbsp;<\/p>\n<p>Sie m\u00f6chten den Bewohnerinnen und Bewohnern ebenfalls eine Freude machen? Dann schreiben Sie doch einen netten Brief und werden Sie Teil des <b>Briefpaten-Projekts<\/b>.\u00a0Wie das genau funktioniert, erfahren Sie <a href=\"https:\/\/gymnasium-odenkirchen.de\/wordpress\/wp-content\/uploads\/2020\/12\/Aufruf-Briefpaten.pdf\">hier<\/a>.<\/p>\n","protected":false},"excerpt":{"rendered":"<p>Weihnachten steht wieder einmal vor der T\u00fcr: Eine Zeit, in der alle Fenster brennen&#8230; \u00e4h&#8230; in der in allen Fenstern Lichter brennen, in der es nach Pl\u00e4tzchen aus dem Backofen duftet und in der wir n\u00e4her zusammenr\u00fccken, um die besinnliche Zeit gemeinsam zu verbringen &#8211; unter normalen Umst\u00e4nden jedenfalls. Aber was ist in diesem Corona-Jahr schon normal? Die Adventszeit im Altenheim sicherlich nicht. Viele Bewohnerinnen und Bewohner k\u00f6nnen die wohl lichterkettentr\u00e4chtigste Zeit des Jahres nicht im Kreise ihrer Angeh\u00f6rigen verbringen, und wenn Besuch doch m\u00f6glich ist, dann nur unter strengen Auflagen. Auch die Odenkirchener Lesepaten haben ihre Oldies seit M\u00e4rz [&hellip;]<\/p>\n","protected":false},"author":5,"featured_media":8001,"comment_status":"closed","ping_status":"open","sticky":false,"template":"","format":"standard","meta":{"ngg_post_thumbnail":0,"footnotes":""},"categories":[129,101,1,111,99],"tags":[],"class_list":["post-8000","post","type-post","status-publish","format-standard","has-post-thumbnail","hentry","category-2020-21","category-ags","category-allgemein","category-lesepaten","category-soziales-engagement"],"_links":{"self":[{"href":"https:\/\/gymnasium-odenkirchen.de\/wordpress\/index.php?rest_route=\/wp\/v2\/posts\/8000","targetHints":{"allow":["GET"]}}],"collection":[{"href":"https:\/\/gymnasium-odenkirchen.de\/wordpress\/index.php?rest_route=\/wp\/v2\/posts"}],"about":[{"href":"https:\/\/gymnasium-odenkirchen.de\/wordpress\/index.php?rest_route=\/wp\/v2\/types\/post"}],"author":[{"embeddable":true,"href":"https:\/\/gymnasium-odenkirchen.de\/wordpress\/index.php?rest_route=\/wp\/v2\/users\/5"}],"replies":[{"embeddable":true,"href":"https:\/\/gymnasium-odenkirchen.de\/wordpress\/index.php?rest_route=%2Fwp%2Fv2%2Fcomments&post=8000"}],"version-history":[{"count":9,"href":"https:\/\/gymnasium-odenkirchen.de\/wordpress\/index.php?rest_route=\/wp\/v2\/posts\/8000\/revisions"}],"predecessor-version":[{"id":8017,"href":"https:\/\/gymnasium-odenkirchen.de\/wordpress\/index.php?rest_route=\/wp\/v2\/posts\/8000\/revisions\/8017"}],"wp:featuredmedia":[{"embeddable":true,"href":"https:\/\/gymnasium-odenkirchen.de\/wordpress\/index.php?rest_route=\/wp\/v2\/media\/8001"}],"wp:attachment":[{"href":"https:\/\/gymnasium-odenkirchen.de\/wordpress\/index.php?rest_route=%2Fwp%2Fv2%2Fmedia&parent=8000"}],"wp:term":[{"taxonomy":"category","embeddable":true,"href":"https:\/\/gymnasium-odenkirchen.de\/wordpress\/index.php?rest_route=%2Fwp%2Fv2%2Fcategories&post=8000"},{"taxonomy":"post_tag","embeddable":true,"href":"https:\/\/gymnasium-odenkirchen.de\/wordpress\/index.php?rest_route=%2Fwp%2Fv2%2Ftags&post=8000"}],"curies":[{"name":"wp","href":"https:\/\/api.w.org\/{rel}","templated":true}]}}