{"id":8895,"date":"2021-09-19T14:30:37","date_gmt":"2021-09-19T12:30:37","guid":{"rendered":"https:\/\/gymnasium-odenkirchen.de\/wordpress\/?p=8895"},"modified":"2021-09-20T13:01:32","modified_gmt":"2021-09-20T11:01:32","slug":"auch-das-ist-schule-go-5er-und-ihr-wandertag-ins-irrland","status":"publish","type":"post","link":"https:\/\/gymnasium-odenkirchen.de\/wordpress\/?p=8895","title":{"rendered":"Auch das ist Schule: GO-5er und ihr Wandertag ins Irrland"},"content":{"rendered":"<p>Schulfahrten und Wandertage geh\u00f6ren zu einem erf\u00fcllten Schulleben einfach dazu. Und deshalb hatten alle neuen 5er-Sch\u00fcler*innen (5A\/5B\/5C\/5D) auch nichts dagegen, mit Ihren Klassenlehrer*innen im Rahmen des 1. Wandertages das Irrland bei Kevelaer zu erkunden. Dass dieses Highlight nach den ersten f\u00fcnf Wochen am Gymnasium Odenkirchen redlich verdient war, stand au\u00dfer Frage: Trotz des anf\u00e4nglich starken Regens auf der Busfahrt konnten unsere J\u00fcngsten bei meist heiterem Himmel die vielf\u00e4ltigen M\u00f6glichkeiten des Freizeitparks erleben: Klettern auf der gro\u00dfen Strohburg, Kart-Fahren, Fangen &amp; Verstecken, mit \u00fcberdimensionalen Lego-Steinen Bauen, im Labyrinth herumirren u.v.m.<\/p>\n<p>Alles in allem ein gelungener Tag, der frische Energie f\u00fcr die n\u00e4chsten Wochen liefert, in denen z.B. die ersten Klassenarbeiten anstehen. Aber die Herbstferien sind ja zum Gl\u00fcck schon in Sichtweite&#8230; \ud83d\ude42<\/p>\n<div id='gallery-1' class='gallery galleryid-8895 gallery-columns-3 gallery-size-thumbnail'><figure class='gallery-item'>\n\t\t\t<div class='gallery-icon landscape'>\n\t\t\t\t<a href='https:\/\/gymnasium-odenkirchen.de\/wordpress\/wp-content\/uploads\/2021\/09\/IMG-20210915-WA0004.jpg'><img loading=\"lazy\" decoding=\"async\" width=\"150\" height=\"150\" src=\"https:\/\/gymnasium-odenkirchen.de\/wordpress\/wp-content\/uploads\/2021\/09\/IMG-20210915-WA0004-150x150.jpg\" class=\"attachment-thumbnail size-thumbnail\" alt=\"\" \/><\/a>\n\t\t\t<\/div><\/figure><figure class='gallery-item'>\n\t\t\t<div class='gallery-icon landscape'>\n\t\t\t\t<a href='https:\/\/gymnasium-odenkirchen.de\/wordpress\/wp-content\/uploads\/2021\/09\/IMG-20210915-WA0006.jpg'><img loading=\"lazy\" decoding=\"async\" width=\"150\" height=\"150\" src=\"https:\/\/gymnasium-odenkirchen.de\/wordpress\/wp-content\/uploads\/2021\/09\/IMG-20210915-WA0006-150x150.jpg\" class=\"attachment-thumbnail size-thumbnail\" alt=\"\" \/><\/a>\n\t\t\t<\/div><\/figure><figure class='gallery-item'>\n\t\t\t<div class='gallery-icon landscape'>\n\t\t\t\t<a href='https:\/\/gymnasium-odenkirchen.de\/wordpress\/wp-content\/uploads\/2021\/09\/20210915_143533.jpg'><img loading=\"lazy\" decoding=\"async\" width=\"150\" height=\"150\" src=\"https:\/\/gymnasium-odenkirchen.de\/wordpress\/wp-content\/uploads\/2021\/09\/20210915_143533-150x150.jpg\" class=\"attachment-thumbnail size-thumbnail\" alt=\"\" \/><\/a>\n\t\t\t<\/div><\/figure><figure class='gallery-item'>\n\t\t\t<div class='gallery-icon landscape'>\n\t\t\t\t<a href='https:\/\/gymnasium-odenkirchen.de\/wordpress\/wp-content\/uploads\/2021\/09\/WhatsApp-Image-2021-09-17-at-06.34.34.jpeg'><img loading=\"lazy\" decoding=\"async\" width=\"150\" height=\"150\" src=\"https:\/\/gymnasium-odenkirchen.de\/wordpress\/wp-content\/uploads\/2021\/09\/WhatsApp-Image-2021-09-17-at-06.34.34-150x150.jpeg\" class=\"attachment-thumbnail size-thumbnail\" alt=\"\" \/><\/a>\n\t\t\t<\/div><\/figure><figure class='gallery-item'>\n\t\t\t<div class='gallery-icon landscape'>\n\t\t\t\t<a href='https:\/\/gymnasium-odenkirchen.de\/wordpress\/wp-content\/uploads\/2021\/09\/20210915_141832.jpg'><img loading=\"lazy\" decoding=\"async\" width=\"150\" height=\"150\" src=\"https:\/\/gymnasium-odenkirchen.de\/wordpress\/wp-content\/uploads\/2021\/09\/20210915_141832-150x150.jpg\" class=\"attachment-thumbnail size-thumbnail\" alt=\"\" \/><\/a>\n\t\t\t<\/div><\/figure><figure class='gallery-item'>\n\t\t\t<div class='gallery-icon landscape'>\n\t\t\t\t<a href='https:\/\/gymnasium-odenkirchen.de\/wordpress\/wp-content\/uploads\/2021\/09\/20210915_141651.jpg'><img loading=\"lazy\" decoding=\"async\" width=\"150\" height=\"150\" src=\"https:\/\/gymnasium-odenkirchen.de\/wordpress\/wp-content\/uploads\/2021\/09\/20210915_141651-150x150.jpg\" class=\"attachment-thumbnail size-thumbnail\" alt=\"\" \/><\/a>\n\t\t\t<\/div><\/figure><figure class='gallery-item'>\n\t\t\t<div class='gallery-icon landscape'>\n\t\t\t\t<a href='https:\/\/gymnasium-odenkirchen.de\/wordpress\/wp-content\/uploads\/2021\/09\/20210915_134608.jpg'><img loading=\"lazy\" decoding=\"async\" width=\"150\" height=\"150\" src=\"https:\/\/gymnasium-odenkirchen.de\/wordpress\/wp-content\/uploads\/2021\/09\/20210915_134608-150x150.jpg\" class=\"attachment-thumbnail size-thumbnail\" alt=\"\" \/><\/a>\n\t\t\t<\/div><\/figure><figure class='gallery-item'>\n\t\t\t<div class='gallery-icon landscape'>\n\t\t\t\t<a href='https:\/\/gymnasium-odenkirchen.de\/wordpress\/wp-content\/uploads\/2021\/09\/20210915_124523.jpg'><img loading=\"lazy\" decoding=\"async\" width=\"150\" height=\"150\" src=\"https:\/\/gymnasium-odenkirchen.de\/wordpress\/wp-content\/uploads\/2021\/09\/20210915_124523-150x150.jpg\" class=\"attachment-thumbnail size-thumbnail\" alt=\"\" \/><\/a>\n\t\t\t<\/div><\/figure><figure class='gallery-item'>\n\t\t\t<div class='gallery-icon landscape'>\n\t\t\t\t<a href='https:\/\/gymnasium-odenkirchen.de\/wordpress\/wp-content\/uploads\/2021\/09\/20210915_113348.jpg'><img loading=\"lazy\" decoding=\"async\" width=\"150\" height=\"150\" src=\"https:\/\/gymnasium-odenkirchen.de\/wordpress\/wp-content\/uploads\/2021\/09\/20210915_113348-150x150.jpg\" class=\"attachment-thumbnail size-thumbnail\" alt=\"\" \/><\/a>\n\t\t\t<\/div><\/figure><figure class='gallery-item'>\n\t\t\t<div class='gallery-icon landscape'>\n\t\t\t\t<a href='https:\/\/gymnasium-odenkirchen.de\/wordpress\/wp-content\/uploads\/2021\/09\/TITELBILD.jpg'><img loading=\"lazy\" decoding=\"async\" width=\"150\" height=\"150\" src=\"https:\/\/gymnasium-odenkirchen.de\/wordpress\/wp-content\/uploads\/2021\/09\/TITELBILD-150x150.jpg\" class=\"attachment-thumbnail size-thumbnail\" alt=\"\" \/><\/a>\n\t\t\t<\/div><\/figure>\n\t\t<\/div>\n\n","protected":false},"excerpt":{"rendered":"<p>Schulfahrten und Wandertage geh\u00f6ren zu einem erf\u00fcllten Schulleben einfach dazu. Und deshalb hatten alle neuen 5er-Sch\u00fcler*innen (5A\/5B\/5C\/5D) auch nichts dagegen, mit Ihren Klassenlehrer*innen im Rahmen des 1. Wandertages das Irrland bei Kevelaer zu erkunden. Dass dieses Highlight nach den ersten f\u00fcnf Wochen am Gymnasium Odenkirchen redlich verdient war, stand au\u00dfer Frage: Trotz des anf\u00e4nglich starken Regens auf der Busfahrt konnten unsere J\u00fcngsten bei meist heiterem Himmel die vielf\u00e4ltigen M\u00f6glichkeiten des Freizeitparks erleben: Klettern auf der gro\u00dfen Strohburg, Kart-Fahren, Fangen &amp; Verstecken, mit \u00fcberdimensionalen Lego-Steinen Bauen, im Labyrinth herumirren u.v.m. Alles in allem ein gelungener Tag, der frische Energie f\u00fcr die [&hellip;]<\/p>\n","protected":false},"author":5,"featured_media":8905,"comment_status":"closed","ping_status":"open","sticky":false,"template":"","format":"standard","meta":{"ngg_post_thumbnail":0,"footnotes":""},"categories":[140,98],"tags":[],"class_list":["post-8895","post","type-post","status-publish","format-standard","has-post-thumbnail","hentry","category-2021-22","category-ausfluege"],"_links":{"self":[{"href":"https:\/\/gymnasium-odenkirchen.de\/wordpress\/index.php?rest_route=\/wp\/v2\/posts\/8895","targetHints":{"allow":["GET"]}}],"collection":[{"href":"https:\/\/gymnasium-odenkirchen.de\/wordpress\/index.php?rest_route=\/wp\/v2\/posts"}],"about":[{"href":"https:\/\/gymnasium-odenkirchen.de\/wordpress\/index.php?rest_route=\/wp\/v2\/types\/post"}],"author":[{"embeddable":true,"href":"https:\/\/gymnasium-odenkirchen.de\/wordpress\/index.php?rest_route=\/wp\/v2\/users\/5"}],"replies":[{"embeddable":true,"href":"https:\/\/gymnasium-odenkirchen.de\/wordpress\/index.php?rest_route=%2Fwp%2Fv2%2Fcomments&post=8895"}],"version-history":[{"count":3,"href":"https:\/\/gymnasium-odenkirchen.de\/wordpress\/index.php?rest_route=\/wp\/v2\/posts\/8895\/revisions"}],"predecessor-version":[{"id":8932,"href":"https:\/\/gymnasium-odenkirchen.de\/wordpress\/index.php?rest_route=\/wp\/v2\/posts\/8895\/revisions\/8932"}],"wp:featuredmedia":[{"embeddable":true,"href":"https:\/\/gymnasium-odenkirchen.de\/wordpress\/index.php?rest_route=\/wp\/v2\/media\/8905"}],"wp:attachment":[{"href":"https:\/\/gymnasium-odenkirchen.de\/wordpress\/index.php?rest_route=%2Fwp%2Fv2%2Fmedia&parent=8895"}],"wp:term":[{"taxonomy":"category","embeddable":true,"href":"https:\/\/gymnasium-odenkirchen.de\/wordpress\/index.php?rest_route=%2Fwp%2Fv2%2Fcategories&post=8895"},{"taxonomy":"post_tag","embeddable":true,"href":"https:\/\/gymnasium-odenkirchen.de\/wordpress\/index.php?rest_route=%2Fwp%2Fv2%2Ftags&post=8895"}],"curies":[{"name":"wp","href":"https:\/\/api.w.org\/{rel}","templated":true}]}}